{"id":63959,"date":"2025-02-20T14:50:34","date_gmt":"2025-02-20T20:50:34","guid":{"rendered":"https:\/\/encuentroinformativo.com.mx\/?p=63959"},"modified":"2025-02-20T14:50:34","modified_gmt":"2025-02-20T20:50:34","slug":"plazo-para-reponer-credencial-del-ine-en-veracruz-vence-el-28-de-febrero","status":"publish","type":"post","link":"https:\/\/encuentroinformativo.com.mx\/?p=63959","title":{"rendered":"Plazo para reponer credencial del INE en Veracruz vence el 28 de febrero"},"content":{"rendered":"<p><span style=\"font-size: 1rem;\">Xalapa, Ver.- El delegado del Instituto Nacional Electoral (INE) en Veracruz, Josu\u00e9 Cervantes Mart\u00ednez, inform\u00f3 que las y los ciudadanos que hayan extraviado su Credencial para Votar o cuya identificaci\u00f3n est\u00e9 gravemente deteriorada podr\u00e1n solicitar su reposici\u00f3n hasta el 28 de febrero.<\/span><\/p>\n<p>Para ello, deber\u00e1n acudir a cualquiera de los 66 m\u00f3dulos de atenci\u00f3n ciudadana en la entidad. Cervantes Mart\u00ednez record\u00f3 que contar con la credencial vigente es indispensable para ejercer el derecho al voto en las elecciones del pr\u00f3ximo 1 de junio, en las que se elegir\u00e1n jueces del Poder Judicial Federal y Local, as\u00ed como ediles de los 212 ayuntamientos de Veracruz.<\/p>\n<p><img loading=\"lazy\" decoding=\"async\" class=\"alignnone size-medium wp-image-63961\" src=\"https:\/\/encuentroinformativo.com.mx\/wp-content\/uploads\/2025\/02\/IMG-20250220-WA03392-300x200.jpg\" alt=\"\" width=\"300\" height=\"200\" srcset=\"https:\/\/encuentroinformativo.com.mx\/wp-content\/uploads\/2025\/02\/IMG-20250220-WA03392-300x200.jpg 300w, https:\/\/encuentroinformativo.com.mx\/wp-content\/uploads\/2025\/02\/IMG-20250220-WA03392-1024x682.jpg 1024w, https:\/\/encuentroinformativo.com.mx\/wp-content\/uploads\/2025\/02\/IMG-20250220-WA03392-768x512.jpg 768w, https:\/\/encuentroinformativo.com.mx\/wp-content\/uploads\/2025\/02\/IMG-20250220-WA03392.jpg 1280w\" sizes=\"auto, (max-width: 300px) 100vw, 300px\" \/><\/p>\n","protected":false},"excerpt":{"rendered":"<p>Xalapa, Ver.- El delegado del Instituto Nacional Electoral (INE) en Veracruz, Josu\u00e9 Cervantes Mart\u00ednez, inform\u00f3 que las y los ciudadanos que hayan extraviado su Credencial para Votar o cuya identificaci\u00f3n est\u00e9 gravemente deteriorada podr\u00e1n solicitar su reposici\u00f3n hasta el 28 de febrero. Para ello, deber\u00e1n acudir a cualquiera de los 66 m\u00f3dulos de atenci\u00f3n ciudadana [&hellip;]<\/p>\n","protected":false},"author":2476,"featured_media":63960,"comment_status":"open","ping_status":"open","sticky":false,"template":"","format":"standard","meta":{"_jetpack_memberships_contains_paid_content":false,"footnotes":""},"categories":[2],"tags":[],"class_list":["post-63959","post","type-post","status-publish","format-standard","has-post-thumbnail","hentry","category-estado"],"jetpack_featured_media_url":"https:\/\/encuentroinformativo.com.mx\/wp-content\/uploads\/2025\/02\/IMG-20250220-WA0337.jpg","jetpack_sharing_enabled":true,"jetpack_likes_enabled":true,"amp_enabled":true,"_links":{"self":[{"href":"https:\/\/encuentroinformativo.com.mx\/index.php?rest_route=\/wp\/v2\/posts\/63959","targetHints":{"allow":["GET"]}}],"collection":[{"href":"https:\/\/encuentroinformativo.com.mx\/index.php?rest_route=\/wp\/v2\/posts"}],"about":[{"href":"https:\/\/encuentroinformativo.com.mx\/index.php?rest_route=\/wp\/v2\/types\/post"}],"author":[{"embeddable":true,"href":"https:\/\/encuentroinformativo.com.mx\/index.php?rest_route=\/wp\/v2\/users\/2476"}],"replies":[{"embeddable":true,"href":"https:\/\/encuentroinformativo.com.mx\/index.php?rest_route=%2Fwp%2Fv2%2Fcomments&post=63959"}],"version-history":[{"count":1,"href":"https:\/\/encuentroinformativo.com.mx\/index.php?rest_route=\/wp\/v2\/posts\/63959\/revisions"}],"predecessor-version":[{"id":63962,"href":"https:\/\/encuentroinformativo.com.mx\/index.php?rest_route=\/wp\/v2\/posts\/63959\/revisions\/63962"}],"wp:featuredmedia":[{"embeddable":true,"href":"https:\/\/encuentroinformativo.com.mx\/index.php?rest_route=\/wp\/v2\/media\/63960"}],"wp:attachment":[{"href":"https:\/\/encuentroinformativo.com.mx\/index.php?rest_route=%2Fwp%2Fv2%2Fmedia&parent=63959"}],"wp:term":[{"taxonomy":"category","embeddable":true,"href":"https:\/\/encuentroinformativo.com.mx\/index.php?rest_route=%2Fwp%2Fv2%2Fcategories&post=63959"},{"taxonomy":"post_tag","embeddable":true,"href":"https:\/\/encuentroinformativo.com.mx\/index.php?rest_route=%2Fwp%2Fv2%2Ftags&post=63959"}],"curies":[{"name":"wp","href":"https:\/\/api.w.org\/{rel}","templated":true}]}}