{"id":63970,"date":"2025-02-20T19:09:03","date_gmt":"2025-02-21T01:09:03","guid":{"rendered":"https:\/\/encuentroinformativo.com.mx\/?p=63970"},"modified":"2025-02-20T19:09:03","modified_gmt":"2025-02-21T01:09:03","slug":"este-viernes-el-gobierno-de-veracruz-suspende-clases-en-13-municipios-del-sur","status":"publish","type":"post","link":"https:\/\/encuentroinformativo.com.mx\/?p=63970","title":{"rendered":"Este viernes, el Gobierno de Veracruz suspende clases en 13 municipios del sur"},"content":{"rendered":"<p><strong><span style=\"font-size: 1rem;\">* Debido a las lluvias previstas para las pr\u00f3ximas 24 horas y al aumento en el nivel de los r\u00edos.<\/span><\/strong><\/p>\n<p>Xalapa, Ver.- Por las lluvias derivadas del Frente Fr\u00edo 28 y su masa \u00e1rtica en Veracruz, el Gobierno del Estado suspende clases en todos los niveles educativos de 13 municipios del sur: Agua Dulce, Coatzacoalcos, Cosoleacaque, Hidalgotitl\u00e1n, Ixhuatl\u00e1n del Sureste, J\u00e1ltipan, Las Choapas, Minatitl\u00e1n, Moloac\u00e1n, Nanchital, Oteapan, Uxpanapa y Zaragoza.<\/p>\n<p>Se espera que el viento del norte decrezca en las pr\u00f3ximas horas, sin embargo, el potencial de lluvias se mantiene durante este jueves 20 y viernes 21 de febrero, sobre todo en la regi\u00f3n sur donde adem\u00e1s se han registrado incrementos en los niveles r\u00edos, por lo que las secretar\u00edas de Protecci\u00f3n Civil y de Educaci\u00f3n de Veracruz acordaron la suspensi\u00f3n de clases en estos 13 municipios.<\/p>\n<p>PC mantiene activo el Sistema de Alerta Temprana Veracruz (SIATVer) en su fase de Acci\u00f3n en coordinaci\u00f3n con los municipios, y recuerda a la poblaci\u00f3n vigilar los niveles de los r\u00edos, seguir los pron\u00f3sticos en fuentes oficiales, evitar cruzar corrientes crecidas y atender a las indicaciones de las autoridades locales.<\/p>\n<p>Ante cualquier emergencia, deben reportarla al 911 para su atenci\u00f3n inmediata.<\/p>\n","protected":false},"excerpt":{"rendered":"<p>* Debido a las lluvias previstas para las pr\u00f3ximas 24 horas y al aumento en el nivel de los r\u00edos. Xalapa, Ver.- Por las lluvias derivadas del Frente Fr\u00edo 28 y su masa \u00e1rtica en Veracruz, el Gobierno del Estado suspende clases en todos los niveles educativos de 13 municipios del sur: Agua Dulce, Coatzacoalcos, [&hellip;]<\/p>\n","protected":false},"author":2476,"featured_media":40719,"comment_status":"open","ping_status":"open","sticky":false,"template":"","format":"standard","meta":{"_jetpack_memberships_contains_paid_content":false,"footnotes":""},"categories":[2],"tags":[],"class_list":["post-63970","post","type-post","status-publish","format-standard","has-post-thumbnail","hentry","category-estado"],"jetpack_featured_media_url":"https:\/\/encuentroinformativo.com.mx\/wp-content\/uploads\/2023\/05\/Photo_1684273973457.jpg","jetpack_sharing_enabled":true,"jetpack_likes_enabled":true,"amp_enabled":true,"_links":{"self":[{"href":"https:\/\/encuentroinformativo.com.mx\/index.php?rest_route=\/wp\/v2\/posts\/63970","targetHints":{"allow":["GET"]}}],"collection":[{"href":"https:\/\/encuentroinformativo.com.mx\/index.php?rest_route=\/wp\/v2\/posts"}],"about":[{"href":"https:\/\/encuentroinformativo.com.mx\/index.php?rest_route=\/wp\/v2\/types\/post"}],"author":[{"embeddable":true,"href":"https:\/\/encuentroinformativo.com.mx\/index.php?rest_route=\/wp\/v2\/users\/2476"}],"replies":[{"embeddable":true,"href":"https:\/\/encuentroinformativo.com.mx\/index.php?rest_route=%2Fwp%2Fv2%2Fcomments&post=63970"}],"version-history":[{"count":1,"href":"https:\/\/encuentroinformativo.com.mx\/index.php?rest_route=\/wp\/v2\/posts\/63970\/revisions"}],"predecessor-version":[{"id":63971,"href":"https:\/\/encuentroinformativo.com.mx\/index.php?rest_route=\/wp\/v2\/posts\/63970\/revisions\/63971"}],"wp:featuredmedia":[{"embeddable":true,"href":"https:\/\/encuentroinformativo.com.mx\/index.php?rest_route=\/wp\/v2\/media\/40719"}],"wp:attachment":[{"href":"https:\/\/encuentroinformativo.com.mx\/index.php?rest_route=%2Fwp%2Fv2%2Fmedia&parent=63970"}],"wp:term":[{"taxonomy":"category","embeddable":true,"href":"https:\/\/encuentroinformativo.com.mx\/index.php?rest_route=%2Fwp%2Fv2%2Fcategories&post=63970"},{"taxonomy":"post_tag","embeddable":true,"href":"https:\/\/encuentroinformativo.com.mx\/index.php?rest_route=%2Fwp%2Fv2%2Ftags&post=63970"}],"curies":[{"name":"wp","href":"https:\/\/api.w.org\/{rel}","templated":true}]}}