{"id":63977,"date":"2025-02-20T19:39:26","date_gmt":"2025-02-21T01:39:26","guid":{"rendered":"https:\/\/encuentroinformativo.com.mx\/?p=63977"},"modified":"2025-02-20T19:39:26","modified_gmt":"2025-02-21T01:39:26","slug":"esperan-mas-del-mil-asistentes-a-misa-negra-en-catemaco","status":"publish","type":"post","link":"https:\/\/encuentroinformativo.com.mx\/?p=63977","title":{"rendered":"Esperan m\u00e1s del mil asistentes a misa negra en Catemaco"},"content":{"rendered":"<p><strong style=\"font-size: 1rem;\">Dar\u00edo Pale<\/strong><\/p>\n<p>Xalapa, Ver.- Se esperan alrededor de unas mil personas a la misa negra n\u00famero 13 que se efectuar\u00e1 en el Centro Ceremonial &#8220;El Ahijado&#8221; en el municipio de Catemaco el primer viernes de marzo.<\/p>\n<p>En conferencia de prensa el Brujo Mayor, Enrique Marthen Berd\u00f3n dijo que sin distinci\u00f3n de partidos, los pol\u00edticos recurren a las misas negras que ofrecen los denominados brujos en el municipio de Catemaco, en la zona sur de Veracruz, para conservar el poder o el dinero, pues &#8220;el que tiene, quiere m\u00e1s&#8221;.<\/p>\n<p>Indic\u00f3 que aunque el cupo es limitado a\u00fan hay espacios para aquellas personas que quieran acudir, y es que asegur\u00f3 que cada vez acude m\u00e1s gente por el inter\u00e9s y por lo que sucede en el mundo.<\/p>\n<p>Explic\u00f3 que las misas negras son una ofrenda a las entidades que nos resguardan y se han hecho desde hace a\u00f1os.<\/p>\n<p>&#8220;Recordemos que desde la antig\u00fcedad, el hombre ha asociado las situaciones de magia con las cuestiones de la naturaleza. Es como una ofrenda a la naturaleza&#8221;.<\/p>\n<p>Se\u00f1al\u00f3 que se realizan limpias y todo lo que tiene que ver con la magia y el esoterismo, lo que piden es dinero, salud y el amor.<\/p>\n<p>Dio a conocer que 8 meses antes de que asumiera la gubernatura, dio una &#8220;limpia&#8221; a la ahora gobernadora Roc\u00edo Nahle Garc\u00eda en un lugar denominado &#8220;La Granja&#8221; en Catemaco.<\/p>\n<p>El Brujo Mayor dijo que muchos de quienes llegan con \u00e9l no quieren que se revele su identidad, &#8220;La mayor\u00eda llegan de inc\u00f3gnito&#8230;algunos no tienen empacho en mostrarse, pero otros no quieren ser relacionados con estas pr\u00e1cticas&#8221;.<\/p>\n<p>La celebraci\u00f3n de la misa negra con motivo del Primer Viernes de Marzo ser\u00e1 el jueves 6 de marzo para amanecer el viernes 7.<\/p>\n<p>De acuerdo a Enrique Marthen, &#8220;cada a\u00f1o la gente tiene m\u00e1s inter\u00e9s en estas situaciones, contrario a lo que se pensar\u00eda, que la \u00e9poca moderna obliga a retirarse de estas pr\u00e1cticas&#8221;.<\/p>\n<p>Este jueves al dar a conocer dicha celebraci\u00f3n present\u00f3 a Cihuanahuali, una joven que ahora es la Bruja Mayor de Catemaco, quien fue designada el primer viernes del a\u00f1o pasado.<\/p>\n<p>Por su parte, la bruja mayor, Cihuanahualli, previ\u00f3 qu\u00e9 acudan unas mil personas entre brujos y espectadores a la misa negra.<\/p>\n","protected":false},"excerpt":{"rendered":"<p>Dar\u00edo Pale Xalapa, Ver.- Se esperan alrededor de unas mil personas a la misa negra n\u00famero 13 que se efectuar\u00e1 en el Centro Ceremonial &#8220;El Ahijado&#8221; en el municipio de Catemaco el primer viernes de marzo. En conferencia de prensa el Brujo Mayor, Enrique Marthen Berd\u00f3n dijo que sin distinci\u00f3n de partidos, los pol\u00edticos recurren [&hellip;]<\/p>\n","protected":false},"author":2476,"featured_media":63978,"comment_status":"open","ping_status":"open","sticky":false,"template":"","format":"standard","meta":{"_jetpack_memberships_contains_paid_content":false,"footnotes":""},"categories":[2],"tags":[],"class_list":["post-63977","post","type-post","status-publish","format-standard","has-post-thumbnail","hentry","category-estado"],"jetpack_featured_media_url":"https:\/\/encuentroinformativo.com.mx\/wp-content\/uploads\/2025\/02\/IMG-20250220-WA03772.jpg","jetpack_sharing_enabled":true,"jetpack_likes_enabled":true,"amp_enabled":true,"_links":{"self":[{"href":"https:\/\/encuentroinformativo.com.mx\/index.php?rest_route=\/wp\/v2\/posts\/63977","targetHints":{"allow":["GET"]}}],"collection":[{"href":"https:\/\/encuentroinformativo.com.mx\/index.php?rest_route=\/wp\/v2\/posts"}],"about":[{"href":"https:\/\/encuentroinformativo.com.mx\/index.php?rest_route=\/wp\/v2\/types\/post"}],"author":[{"embeddable":true,"href":"https:\/\/encuentroinformativo.com.mx\/index.php?rest_route=\/wp\/v2\/users\/2476"}],"replies":[{"embeddable":true,"href":"https:\/\/encuentroinformativo.com.mx\/index.php?rest_route=%2Fwp%2Fv2%2Fcomments&post=63977"}],"version-history":[{"count":1,"href":"https:\/\/encuentroinformativo.com.mx\/index.php?rest_route=\/wp\/v2\/posts\/63977\/revisions"}],"predecessor-version":[{"id":63979,"href":"https:\/\/encuentroinformativo.com.mx\/index.php?rest_route=\/wp\/v2\/posts\/63977\/revisions\/63979"}],"wp:featuredmedia":[{"embeddable":true,"href":"https:\/\/encuentroinformativo.com.mx\/index.php?rest_route=\/wp\/v2\/media\/63978"}],"wp:attachment":[{"href":"https:\/\/encuentroinformativo.com.mx\/index.php?rest_route=%2Fwp%2Fv2%2Fmedia&parent=63977"}],"wp:term":[{"taxonomy":"category","embeddable":true,"href":"https:\/\/encuentroinformativo.com.mx\/index.php?rest_route=%2Fwp%2Fv2%2Fcategories&post=63977"},{"taxonomy":"post_tag","embeddable":true,"href":"https:\/\/encuentroinformativo.com.mx\/index.php?rest_route=%2Fwp%2Fv2%2Ftags&post=63977"}],"curies":[{"name":"wp","href":"https:\/\/api.w.org\/{rel}","templated":true}]}}