{"id":63990,"date":"2025-02-21T10:51:36","date_gmt":"2025-02-21T16:51:36","guid":{"rendered":"https:\/\/encuentroinformativo.com.mx\/?p=63990"},"modified":"2025-02-21T10:51:36","modified_gmt":"2025-02-21T16:51:36","slug":"aumenta-el-nivel-de-los-rios-uxpanapa-y-tancochapa","status":"publish","type":"post","link":"https:\/\/encuentroinformativo.com.mx\/?p=63990","title":{"rendered":"Aumenta el nivel de los r\u00edos Uxpanapa y Tancochapa"},"content":{"rendered":"<p><strong style=\"font-size: 1rem;\">Jos\u00e9 Vargas<\/strong><\/p>\n<p>Las Choapas, Ver.- La Coordinaci\u00f3n de Protecci\u00f3n Civil inform\u00f3 sobre el aumento acelerado en los niveles de los r\u00edos Uxpanapa y Tancochapa debido a las lluvias provocadas por el Frente Fr\u00edo 28, lo que representa un riesgo para las comunidades cercanas.<\/p>\n<p>De acuerdo con el coordinador municipal de Protecci\u00f3n Civil, Miguel Amador Garc\u00eda, a las 8:00 horas el nivel del r\u00edo Uxpanapa en la estaci\u00f3n de Tierra Morada alcanz\u00f3 los 10.26 metros, quedando a solo 74 cent\u00edmetros de su escala cr\u00edtica de 11 metros. Su ascenso ha sido catalogado como r\u00e1pido.<\/p>\n<p>Por otro lado, el r\u00edo Tancochapa, en la estaci\u00f3n de San Jos\u00e9 del Carmen, registr\u00f3 un nivel de 3.60 metros, situ\u00e1ndose a apenas 40 cent\u00edmetros de su escala cr\u00edtica de 4 metros, con un aumento igualmente acelerado.<\/p>\n<p>Ante esta situaci\u00f3n, desde tempranas horas de este viernes, elementos de Protecci\u00f3n Civil Municipal y Estatal, en coordinaci\u00f3n con el Ej\u00e9rcito, se desplazaron hacia la zona rural para evaluar los da\u00f1os ocasionados por las intensas lluvias.<\/p>\n<p>El pron\u00f3stico meteorol\u00f3gico emitido por el Centro Estatal de Estudios del Clima (CEEC) de Protecci\u00f3n Civil advierte que las precipitaciones continuar\u00e1n en las pr\u00f3ximas horas, por lo que se exhorta a la poblaci\u00f3n, especialmente a quienes residen en zonas vulnerables, a tomar precauciones y mantenerse atentos a las indicaciones de las autoridades.<\/p>\n<p><img loading=\"lazy\" decoding=\"async\" class=\"alignnone size-medium wp-image-63992\" src=\"https:\/\/encuentroinformativo.com.mx\/wp-content\/uploads\/2025\/02\/Photo_1740156352584-225x300.jpg\" alt=\"\" width=\"225\" height=\"300\" srcset=\"https:\/\/encuentroinformativo.com.mx\/wp-content\/uploads\/2025\/02\/Photo_1740156352584-225x300.jpg 225w, https:\/\/encuentroinformativo.com.mx\/wp-content\/uploads\/2025\/02\/Photo_1740156352584-768x1024.jpg 768w, https:\/\/encuentroinformativo.com.mx\/wp-content\/uploads\/2025\/02\/Photo_1740156352584-1152x1536.jpg 1152w, https:\/\/encuentroinformativo.com.mx\/wp-content\/uploads\/2025\/02\/Photo_1740156352584.jpg 1200w\" sizes=\"auto, (max-width: 225px) 100vw, 225px\" \/><\/p>\n","protected":false},"excerpt":{"rendered":"<p>Jos\u00e9 Vargas Las Choapas, Ver.- La Coordinaci\u00f3n de Protecci\u00f3n Civil inform\u00f3 sobre el aumento acelerado en los niveles de los r\u00edos Uxpanapa y Tancochapa debido a las lluvias provocadas por el Frente Fr\u00edo 28, lo que representa un riesgo para las comunidades cercanas. De acuerdo con el coordinador municipal de Protecci\u00f3n Civil, Miguel Amador Garc\u00eda, [&hellip;]<\/p>\n","protected":false},"author":2476,"featured_media":63991,"comment_status":"open","ping_status":"open","sticky":false,"template":"","format":"standard","meta":{"_jetpack_memberships_contains_paid_content":false,"footnotes":""},"categories":[2],"tags":[],"class_list":["post-63990","post","type-post","status-publish","format-standard","has-post-thumbnail","hentry","category-estado"],"jetpack_featured_media_url":"https:\/\/encuentroinformativo.com.mx\/wp-content\/uploads\/2025\/02\/Photo_1740156385480.jpg","jetpack_sharing_enabled":true,"jetpack_likes_enabled":true,"amp_enabled":true,"_links":{"self":[{"href":"https:\/\/encuentroinformativo.com.mx\/index.php?rest_route=\/wp\/v2\/posts\/63990","targetHints":{"allow":["GET"]}}],"collection":[{"href":"https:\/\/encuentroinformativo.com.mx\/index.php?rest_route=\/wp\/v2\/posts"}],"about":[{"href":"https:\/\/encuentroinformativo.com.mx\/index.php?rest_route=\/wp\/v2\/types\/post"}],"author":[{"embeddable":true,"href":"https:\/\/encuentroinformativo.com.mx\/index.php?rest_route=\/wp\/v2\/users\/2476"}],"replies":[{"embeddable":true,"href":"https:\/\/encuentroinformativo.com.mx\/index.php?rest_route=%2Fwp%2Fv2%2Fcomments&post=63990"}],"version-history":[{"count":1,"href":"https:\/\/encuentroinformativo.com.mx\/index.php?rest_route=\/wp\/v2\/posts\/63990\/revisions"}],"predecessor-version":[{"id":63993,"href":"https:\/\/encuentroinformativo.com.mx\/index.php?rest_route=\/wp\/v2\/posts\/63990\/revisions\/63993"}],"wp:featuredmedia":[{"embeddable":true,"href":"https:\/\/encuentroinformativo.com.mx\/index.php?rest_route=\/wp\/v2\/media\/63991"}],"wp:attachment":[{"href":"https:\/\/encuentroinformativo.com.mx\/index.php?rest_route=%2Fwp%2Fv2%2Fmedia&parent=63990"}],"wp:term":[{"taxonomy":"category","embeddable":true,"href":"https:\/\/encuentroinformativo.com.mx\/index.php?rest_route=%2Fwp%2Fv2%2Fcategories&post=63990"},{"taxonomy":"post_tag","embeddable":true,"href":"https:\/\/encuentroinformativo.com.mx\/index.php?rest_route=%2Fwp%2Fv2%2Ftags&post=63990"}],"curies":[{"name":"wp","href":"https:\/\/api.w.org\/{rel}","templated":true}]}}