{"id":64012,"date":"2025-02-21T14:02:49","date_gmt":"2025-02-21T20:02:49","guid":{"rendered":"https:\/\/encuentroinformativo.com.mx\/?p=64012"},"modified":"2025-02-21T14:08:15","modified_gmt":"2025-02-21T20:08:15","slug":"huelga-de-hambre-de-enfermeras-en-platon-sanchez","status":"publish","type":"post","link":"https:\/\/encuentroinformativo.com.mx\/?p=64012","title":{"rendered":"Huelga de hambre de enfermeras en Plat\u00f3n S\u00e1nchez"},"content":{"rendered":"<p><strong style=\"font-size: 1rem;\">Alejandro \u00c1vila<\/strong><\/p>\n<p>Plat\u00f3n S\u00e1nchez, Ver.- Desde hace 56 horas personal de la Unidad de Especialidades M\u00e9dicas UNEME de Plat\u00f3n S\u00e1nchez se encuentra en huelga de hambre, exigiendo el cese de algunos directivos ya que no respetan las condiciones laborales.<\/p>\n<p>Ante esta situaci\u00f3n solicitan la intervenci\u00f3n de la gobernadora de Veracruz, Roc\u00edo Nahle y del secretario de Salud, Valent\u00edn Herrera Alarc\u00f3n, para llegar a una soluci\u00f3n.<\/p>\n<p>La base trabajadora exige que se respeten sus condiciones generales de trabajo, y la destituci\u00f3n de los directivos ya que los acusan de haber abusado de su poder para privar de la libertad a personal de enfermer\u00eda , son autores de acoso laboral e intimidaci\u00f3n a los trabajadores de la instituci\u00f3n violentando sus derechos.<\/p>\n<p>Las afectadas se\u00f1alan que existe favoritismo con un grupo de trabajadores, los cuales cuentan con turnos especiales cuando a los dem\u00e1s les dicen que no hay manera de modificar sus turnos ni horarios.<\/p>\n<p>Advierten que seguir\u00e1n en la lucha hasta que las autoridades pertinentes acudan a dar soluci\u00f3n a sus peticiones.<\/p>\n<p>La huelga de hambre ya comenz\u00f3 a afectar la salud de las manifestantes.<\/p>\n","protected":false},"excerpt":{"rendered":"<p>Alejandro \u00c1vila Plat\u00f3n S\u00e1nchez, Ver.- Desde hace 56 horas personal de la Unidad de Especialidades M\u00e9dicas UNEME de Plat\u00f3n S\u00e1nchez se encuentra en huelga de hambre, exigiendo el cese de algunos directivos ya que no respetan las condiciones laborales. Ante esta situaci\u00f3n solicitan la intervenci\u00f3n de la gobernadora de Veracruz, Roc\u00edo Nahle y del secretario [&hellip;]<\/p>\n","protected":false},"author":2476,"featured_media":64013,"comment_status":"open","ping_status":"open","sticky":false,"template":"","format":"standard","meta":{"_jetpack_memberships_contains_paid_content":false,"footnotes":""},"categories":[9],"tags":[],"class_list":["post-64012","post","type-post","status-publish","format-standard","has-post-thumbnail","hentry","category-salud"],"jetpack_featured_media_url":"https:\/\/encuentroinformativo.com.mx\/wp-content\/uploads\/2025\/02\/IMG-20250221-WA02262.jpg","jetpack_sharing_enabled":true,"jetpack_likes_enabled":true,"amp_enabled":true,"_links":{"self":[{"href":"https:\/\/encuentroinformativo.com.mx\/index.php?rest_route=\/wp\/v2\/posts\/64012","targetHints":{"allow":["GET"]}}],"collection":[{"href":"https:\/\/encuentroinformativo.com.mx\/index.php?rest_route=\/wp\/v2\/posts"}],"about":[{"href":"https:\/\/encuentroinformativo.com.mx\/index.php?rest_route=\/wp\/v2\/types\/post"}],"author":[{"embeddable":true,"href":"https:\/\/encuentroinformativo.com.mx\/index.php?rest_route=\/wp\/v2\/users\/2476"}],"replies":[{"embeddable":true,"href":"https:\/\/encuentroinformativo.com.mx\/index.php?rest_route=%2Fwp%2Fv2%2Fcomments&post=64012"}],"version-history":[{"count":1,"href":"https:\/\/encuentroinformativo.com.mx\/index.php?rest_route=\/wp\/v2\/posts\/64012\/revisions"}],"predecessor-version":[{"id":64014,"href":"https:\/\/encuentroinformativo.com.mx\/index.php?rest_route=\/wp\/v2\/posts\/64012\/revisions\/64014"}],"wp:featuredmedia":[{"embeddable":true,"href":"https:\/\/encuentroinformativo.com.mx\/index.php?rest_route=\/wp\/v2\/media\/64013"}],"wp:attachment":[{"href":"https:\/\/encuentroinformativo.com.mx\/index.php?rest_route=%2Fwp%2Fv2%2Fmedia&parent=64012"}],"wp:term":[{"taxonomy":"category","embeddable":true,"href":"https:\/\/encuentroinformativo.com.mx\/index.php?rest_route=%2Fwp%2Fv2%2Fcategories&post=64012"},{"taxonomy":"post_tag","embeddable":true,"href":"https:\/\/encuentroinformativo.com.mx\/index.php?rest_route=%2Fwp%2Fv2%2Ftags&post=64012"}],"curies":[{"name":"wp","href":"https:\/\/api.w.org\/{rel}","templated":true}]}}