{"id":64019,"date":"2025-02-21T14:52:03","date_gmt":"2025-02-21T20:52:03","guid":{"rendered":"https:\/\/encuentroinformativo.com.mx\/?p=64019"},"modified":"2025-02-21T14:52:03","modified_gmt":"2025-02-21T20:52:03","slug":"maestros-comisionados-deben-estar-en-aulas-claudia-tello","status":"publish","type":"post","link":"https:\/\/encuentroinformativo.com.mx\/?p=64019","title":{"rendered":"Maestros comisionados deben estar en aulas: Claudia Tello"},"content":{"rendered":"<p><strong style=\"font-size: 1rem;\">Dar\u00edo Pale<\/strong><\/p>\n<p>Xalapa, Ver.- La titular de la Secretar\u00eda de Educaci\u00f3n de Veracruz (SEV), Claudia Tello Espinoza coment\u00f3 que el maestro al aula y no a la jaula, los maestros que est\u00e1n \u201ccomisionados\u201d deben regresar a las aulas para terminar con las protestas de los padres de familia.<\/p>\n<p>Dio a conocer que los &#8220;comisionados&#8221; regresar\u00e1n a las aulas en aquellas escuelas de Veracruz, d\u00f3nde en muchos casos no hay clases desde hace varias semanas, esto ante las protestas de los padres de familia por la falta de maestros.<\/p>\n<p>Dej\u00f3 en claro que la instrucci\u00f3n de la gobernadora Norma Roc\u00edo Nahle Garc\u00eda es que los profesores se dediquen a educar a las ni\u00f1as, ni\u00f1os y j\u00f3venes y no haciendo otras labores.<\/p>\n<p>\u201cHablan de que tienen a\u00f1os con esta problem\u00e1tica, yo les puedo asegurar que lo que estamos haciendo es poner soluci\u00f3n desde la ra\u00edz, atender a ni\u00f1as, ni\u00f1os y adolescentes para que todos tengan su maestro en el sal\u00f3n de clases, esto ha provocado algunas incomodidades pero tenemos que continuar maestro al aula, no los necesitamos en otro lugar, m\u00e1s que dentro del sal\u00f3n de clases\u201d, se\u00f1alo.<\/p>\n<p>Advirti\u00f3 que la figura del maestro \u201ccomisionado\u201d en actividades ajenas a las aulas en Veracruz, se busca erradicarla para con ello cumplir con el objetivo de avanzar en materia educativa, donde en todo el estado hay cientos por lo que contin\u00faa el programa \u201cMaestro al Aula\u201d.<\/p>\n<p>\u201cNo hay comisiones, las comisiones no existen y si revisan, son cientos los que est\u00e1n como comisionados\u201d, dijo y se\u00f1al\u00f3 que se cuenta con los listados de maestros que regresar\u00e1n a dar clases.<\/p>\n<p>Tan solo en la regi\u00f3n de Veracruz y Xalapa, hay horas y espacios que requieren de profesores, por lo que se busca cubrirlas con los profesores que dejar\u00e1n sus comisiones.<\/p>\n","protected":false},"excerpt":{"rendered":"<p>Dar\u00edo Pale Xalapa, Ver.- La titular de la Secretar\u00eda de Educaci\u00f3n de Veracruz (SEV), Claudia Tello Espinoza coment\u00f3 que el maestro al aula y no a la jaula, los maestros que est\u00e1n \u201ccomisionados\u201d deben regresar a las aulas para terminar con las protestas de los padres de familia. Dio a conocer que los &#8220;comisionados&#8221; regresar\u00e1n [&hellip;]<\/p>\n","protected":false},"author":2476,"featured_media":64020,"comment_status":"open","ping_status":"open","sticky":false,"template":"","format":"standard","meta":{"_jetpack_memberships_contains_paid_content":false,"footnotes":""},"categories":[2],"tags":[],"class_list":["post-64019","post","type-post","status-publish","format-standard","has-post-thumbnail","hentry","category-estado"],"jetpack_featured_media_url":"https:\/\/encuentroinformativo.com.mx\/wp-content\/uploads\/2025\/02\/IMG-20250221-WA0231.jpg","jetpack_sharing_enabled":true,"jetpack_likes_enabled":true,"amp_enabled":true,"_links":{"self":[{"href":"https:\/\/encuentroinformativo.com.mx\/index.php?rest_route=\/wp\/v2\/posts\/64019","targetHints":{"allow":["GET"]}}],"collection":[{"href":"https:\/\/encuentroinformativo.com.mx\/index.php?rest_route=\/wp\/v2\/posts"}],"about":[{"href":"https:\/\/encuentroinformativo.com.mx\/index.php?rest_route=\/wp\/v2\/types\/post"}],"author":[{"embeddable":true,"href":"https:\/\/encuentroinformativo.com.mx\/index.php?rest_route=\/wp\/v2\/users\/2476"}],"replies":[{"embeddable":true,"href":"https:\/\/encuentroinformativo.com.mx\/index.php?rest_route=%2Fwp%2Fv2%2Fcomments&post=64019"}],"version-history":[{"count":1,"href":"https:\/\/encuentroinformativo.com.mx\/index.php?rest_route=\/wp\/v2\/posts\/64019\/revisions"}],"predecessor-version":[{"id":64021,"href":"https:\/\/encuentroinformativo.com.mx\/index.php?rest_route=\/wp\/v2\/posts\/64019\/revisions\/64021"}],"wp:featuredmedia":[{"embeddable":true,"href":"https:\/\/encuentroinformativo.com.mx\/index.php?rest_route=\/wp\/v2\/media\/64020"}],"wp:attachment":[{"href":"https:\/\/encuentroinformativo.com.mx\/index.php?rest_route=%2Fwp%2Fv2%2Fmedia&parent=64019"}],"wp:term":[{"taxonomy":"category","embeddable":true,"href":"https:\/\/encuentroinformativo.com.mx\/index.php?rest_route=%2Fwp%2Fv2%2Fcategories&post=64019"},{"taxonomy":"post_tag","embeddable":true,"href":"https:\/\/encuentroinformativo.com.mx\/index.php?rest_route=%2Fwp%2Fv2%2Ftags&post=64019"}],"curies":[{"name":"wp","href":"https:\/\/api.w.org\/{rel}","templated":true}]}}