{"id":64026,"date":"2025-02-21T19:01:30","date_gmt":"2025-02-22T01:01:30","guid":{"rendered":"https:\/\/encuentroinformativo.com.mx\/?p=64026"},"modified":"2025-02-21T19:01:30","modified_gmt":"2025-02-22T01:01:30","slug":"de-misantla-a-xalapa-recorre-colectivo-en-busca-de-sus-seres-queridos","status":"publish","type":"post","link":"https:\/\/encuentroinformativo.com.mx\/?p=64026","title":{"rendered":"De Misantla a Xalapa, recorre colectivo en busca de sus seres queridos"},"content":{"rendered":"<p><strong><span style=\"font-size: 1rem;\">Dar\u00edo Pale<\/span><\/strong><\/p>\n<p>Xalapa, Ver.- Integrantes del colectivo Solecito de Veracruz contin\u00faan recorriendo varios municipios para difundir im\u00e1genes de sus familiares desaparecidos y con ello obtener informaci\u00f3n para dar con su paradero.<\/p>\n<p>Lilia Almanza Garc\u00eda, hermana de Alfredo Rom\u00e1n Arroyo Garc\u00eda, quien desapareci\u00f3 el 18 de julio del 2011 junto con Ediberto Hern\u00e1ndez T\u00e9llez en la localidad Las Trancas, perteneciente al municipio de Emiliano Zapata recorri\u00f3 11 municipios junto con otras integrantes de este colectivo, para pegar fotograf\u00edas y carteles con la ficha emitida por la Comisi\u00f3n Estatal de B\u00fasqueda.<\/p>\n<p>&#8220;La difusi\u00f3n se llev\u00f3 a cabo desde Misantla porque es donde ellos hicieron su recorrido, desde Misantla, Chiconquiaco. \u00c9l es Alfredo y desapareci\u00f3 junto con Heriberto T\u00e9llez. Los dos pertenecen al mismo lugar a los dos los buscamos juntos&#8221;.<\/p>\n<p>Sus familiares siguen busc\u00e1ndolos, ya que las confrontas gen\u00e9ticas no han dado positivo en lugares en los que se han encontrado restos humanos.<\/p>\n<p>Al acudir a Xalapa en su ruta final de este recorrido, dijo que durante los 13 a\u00f1os de b\u00fasqueda han logrado avances en las investigaciones, a\u00fan con el cambio de fiscales generales en el estado.<\/p>\n<p>Las integrantes del Solecito Veracruz recorrieron desde Misantla hasta las Trancas.<\/p>\n","protected":false},"excerpt":{"rendered":"<p>Dar\u00edo Pale Xalapa, Ver.- Integrantes del colectivo Solecito de Veracruz contin\u00faan recorriendo varios municipios para difundir im\u00e1genes de sus familiares desaparecidos y con ello obtener informaci\u00f3n para dar con su paradero. Lilia Almanza Garc\u00eda, hermana de Alfredo Rom\u00e1n Arroyo Garc\u00eda, quien desapareci\u00f3 el 18 de julio del 2011 junto con Ediberto Hern\u00e1ndez T\u00e9llez en la [&hellip;]<\/p>\n","protected":false},"author":2476,"featured_media":64027,"comment_status":"open","ping_status":"open","sticky":false,"template":"","format":"standard","meta":{"_jetpack_memberships_contains_paid_content":false,"footnotes":""},"categories":[2],"tags":[],"class_list":["post-64026","post","type-post","status-publish","format-standard","has-post-thumbnail","hentry","category-estado"],"jetpack_featured_media_url":"https:\/\/encuentroinformativo.com.mx\/wp-content\/uploads\/2025\/02\/IMG-20250221-WA0416.jpg","jetpack_sharing_enabled":true,"jetpack_likes_enabled":true,"amp_enabled":true,"_links":{"self":[{"href":"https:\/\/encuentroinformativo.com.mx\/index.php?rest_route=\/wp\/v2\/posts\/64026","targetHints":{"allow":["GET"]}}],"collection":[{"href":"https:\/\/encuentroinformativo.com.mx\/index.php?rest_route=\/wp\/v2\/posts"}],"about":[{"href":"https:\/\/encuentroinformativo.com.mx\/index.php?rest_route=\/wp\/v2\/types\/post"}],"author":[{"embeddable":true,"href":"https:\/\/encuentroinformativo.com.mx\/index.php?rest_route=\/wp\/v2\/users\/2476"}],"replies":[{"embeddable":true,"href":"https:\/\/encuentroinformativo.com.mx\/index.php?rest_route=%2Fwp%2Fv2%2Fcomments&post=64026"}],"version-history":[{"count":1,"href":"https:\/\/encuentroinformativo.com.mx\/index.php?rest_route=\/wp\/v2\/posts\/64026\/revisions"}],"predecessor-version":[{"id":64028,"href":"https:\/\/encuentroinformativo.com.mx\/index.php?rest_route=\/wp\/v2\/posts\/64026\/revisions\/64028"}],"wp:featuredmedia":[{"embeddable":true,"href":"https:\/\/encuentroinformativo.com.mx\/index.php?rest_route=\/wp\/v2\/media\/64027"}],"wp:attachment":[{"href":"https:\/\/encuentroinformativo.com.mx\/index.php?rest_route=%2Fwp%2Fv2%2Fmedia&parent=64026"}],"wp:term":[{"taxonomy":"category","embeddable":true,"href":"https:\/\/encuentroinformativo.com.mx\/index.php?rest_route=%2Fwp%2Fv2%2Fcategories&post=64026"},{"taxonomy":"post_tag","embeddable":true,"href":"https:\/\/encuentroinformativo.com.mx\/index.php?rest_route=%2Fwp%2Fv2%2Ftags&post=64026"}],"curies":[{"name":"wp","href":"https:\/\/api.w.org\/{rel}","templated":true}]}}