{"id":64029,"date":"2025-02-21T19:18:32","date_gmt":"2025-02-22T01:18:32","guid":{"rendered":"https:\/\/encuentroinformativo.com.mx\/?p=64029"},"modified":"2025-02-21T19:18:32","modified_gmt":"2025-02-22T01:18:32","slug":"se-accidenta-amador-perez-aspirante-a-la-alcaldia-de-oteapan","status":"publish","type":"post","link":"https:\/\/encuentroinformativo.com.mx\/?p=64029","title":{"rendered":"Se accidenta Amador P\u00e9rez, aspirante a la alcald\u00eda de Oteapan"},"content":{"rendered":"<p><strong style=\"font-size: 1rem;\">Jos\u00e9 Vargas<\/strong><\/p>\n<p>Oteapan, Ver.- Amador P\u00e9rez, aspirante a la presidencia municipal de Oteapan, sufri\u00f3 un accidente la tarde de este viernes mientras realizaba un recorrido por las calles del municipio en el cierre de su precampa\u00f1a.<\/p>\n<p>De acuerdo con reportes de testigos, el hecho ocurri\u00f3 en la colonia La Tina, donde el pol\u00edtico cay\u00f3 de un veh\u00edculo en movimiento. Hasta el momento, no se han dado a conocer detalles sobre la gravedad de sus lesiones, pero se sabe que fue auxiliado de inmediato por su equipo de trabajo y trasladado a un centro m\u00e9dico para su valoraci\u00f3n.<\/p>\n<p>El incidente gener\u00f3 preocupaci\u00f3n entre sus seguidores y simpatizantes, quienes han expresado su apoyo y deseos de pronta recuperaci\u00f3n a trav\u00e9s de redes sociales.<\/p>\n","protected":false},"excerpt":{"rendered":"<p>Jos\u00e9 Vargas Oteapan, Ver.- Amador P\u00e9rez, aspirante a la presidencia municipal de Oteapan, sufri\u00f3 un accidente la tarde de este viernes mientras realizaba un recorrido por las calles del municipio en el cierre de su precampa\u00f1a. De acuerdo con reportes de testigos, el hecho ocurri\u00f3 en la colonia La Tina, donde el pol\u00edtico cay\u00f3 de [&hellip;]<\/p>\n","protected":false},"author":2476,"featured_media":64030,"comment_status":"open","ping_status":"open","sticky":false,"template":"","format":"standard","meta":{"_jetpack_memberships_contains_paid_content":false,"footnotes":""},"categories":[2],"tags":[],"class_list":["post-64029","post","type-post","status-publish","format-standard","has-post-thumbnail","hentry","category-estado"],"jetpack_featured_media_url":"https:\/\/encuentroinformativo.com.mx\/wp-content\/uploads\/2025\/02\/IMG-20250221-WA05032.jpg","jetpack_sharing_enabled":true,"jetpack_likes_enabled":true,"amp_enabled":true,"_links":{"self":[{"href":"https:\/\/encuentroinformativo.com.mx\/index.php?rest_route=\/wp\/v2\/posts\/64029","targetHints":{"allow":["GET"]}}],"collection":[{"href":"https:\/\/encuentroinformativo.com.mx\/index.php?rest_route=\/wp\/v2\/posts"}],"about":[{"href":"https:\/\/encuentroinformativo.com.mx\/index.php?rest_route=\/wp\/v2\/types\/post"}],"author":[{"embeddable":true,"href":"https:\/\/encuentroinformativo.com.mx\/index.php?rest_route=\/wp\/v2\/users\/2476"}],"replies":[{"embeddable":true,"href":"https:\/\/encuentroinformativo.com.mx\/index.php?rest_route=%2Fwp%2Fv2%2Fcomments&post=64029"}],"version-history":[{"count":1,"href":"https:\/\/encuentroinformativo.com.mx\/index.php?rest_route=\/wp\/v2\/posts\/64029\/revisions"}],"predecessor-version":[{"id":64031,"href":"https:\/\/encuentroinformativo.com.mx\/index.php?rest_route=\/wp\/v2\/posts\/64029\/revisions\/64031"}],"wp:featuredmedia":[{"embeddable":true,"href":"https:\/\/encuentroinformativo.com.mx\/index.php?rest_route=\/wp\/v2\/media\/64030"}],"wp:attachment":[{"href":"https:\/\/encuentroinformativo.com.mx\/index.php?rest_route=%2Fwp%2Fv2%2Fmedia&parent=64029"}],"wp:term":[{"taxonomy":"category","embeddable":true,"href":"https:\/\/encuentroinformativo.com.mx\/index.php?rest_route=%2Fwp%2Fv2%2Fcategories&post=64029"},{"taxonomy":"post_tag","embeddable":true,"href":"https:\/\/encuentroinformativo.com.mx\/index.php?rest_route=%2Fwp%2Fv2%2Ftags&post=64029"}],"curies":[{"name":"wp","href":"https:\/\/api.w.org\/{rel}","templated":true}]}}