{"id":6405,"date":"2020-10-01T15:03:42","date_gmt":"2020-10-01T20:03:42","guid":{"rendered":"https:\/\/encuentroinformativo.com.mx\/?p=6405"},"modified":"2020-10-01T15:03:45","modified_gmt":"2020-10-01T20:03:45","slug":"se-aplicaran-mas-de-800-mil-vacunas-contra-influenza-en-veracruz","status":"publish","type":"post","link":"https:\/\/encuentroinformativo.com.mx\/?p=6405","title":{"rendered":"Se aplicar\u00e1n m\u00e1s de 800 mil vacunas contra influenza en Veracruz"},"content":{"rendered":"\n<p><strong>Juan Arcos <\/strong><\/p>\n\n\n\n<p>Xalapa, Ver.- En el estado de Veracruz ser\u00e1n aplicadas m\u00e1s de 800 mil vacunas contra la influenza estacional, cuyas dosis estar\u00e1n garantizadas en los centros de salud y las jurisdicciones sanitarias.<\/p>\n\n\n\n<p>De acuerdo con el titular de los Servicios de Salud de Veracruz (Sesver), Roberto Ramos Alor, la campa\u00f1a de vacunaci\u00f3n inici\u00f3 este jueves 1 de octubre y estar\u00e1 vigente hasta marzo del a\u00f1o pr\u00f3ximo.<\/p>\n\n\n\n<p>\u201cLa meta es la aplicaci\u00f3n de 828 mil 749 vacunas, cuyos biol\u00f3gicos estar\u00e1n garantizados en los centros de salud y jurisdicciones sanitarias\u201d, asegur\u00f3 el funcionario estatal.<\/p>\n\n\n\n<p>Por su parte, el subjefe de la Jurisdicci\u00f3n Sanitaria n\u00famero 5, Enrique Siliceo Gonz\u00e1lez, indic\u00f3 que dicha jurisdicci\u00f3n cuenta con 176 mil vacunas para 33 municipios, entre ellos Xalapa.<\/p>\n\n\n\n<p>El entrevistado indic\u00f3 que la dosis ser\u00e1 suministrada a poblaci\u00f3n en general, con prioridad para ni\u00f1as y ni\u00f1os menores de cinco a\u00f1os, adultos mayores y pacientes de riesgo, como embarazadas, hipertensos, diab\u00e9ticos o con cualquier otra enfermedad cr\u00f3nica degenerativa.<\/p>\n\n\n\n<p>Agreg\u00f3 que la vacuna tambi\u00e9n estar\u00e1 disponible en m\u00f3dulos itinerantes que estar\u00e1n ubicados en espacios p\u00fablicos. Uno de \u00e9stos fue instalado al interior de Palacio Municipal, donde se llev\u00f3 a cabo el evento para el arranque de la campa\u00f1a de vacunaci\u00f3n contra el virus de la influenza estacional.<\/p>\n\n\n\n<p>En el lugar, Siliceo Gonz\u00e1lez indic\u00f3 que han surgido mitos en la sociedad sobre reacciones graves, tras la aplicaci\u00f3n de la vacuna.<\/p>\n\n\n\n<p>\u201cLa probabilidad a alguna reacci\u00f3n existe, todas las personas responden distinto, pero es muy m\u00ednimo el porcentaje de probabilidad, el gran porcentaje de la poblaci\u00f3n se la aplica sin ning\u00fan efecto secundario\u201d.<\/p>\n\n\n\n<p>El presidente municipal de Xalapa, Hip\u00f3lito Rodr\u00edguez Herrero, recomend\u00f3 a la poblaci\u00f3n que se vacune, debido a que la vida humana corre un mayor peligro por la pandemia del SARS-COV-2 (COVID-19).<\/p>\n\n\n\n<p>\u201cNos va a ayudar a protegernos, porque si se suma la influenza al coronavirus, pues la verdad estar\u00edamos todav\u00eda peor. Entones es un exhorto a la poblaci\u00f3n a que aproveche esta oportunidad que va a contribuir a mejorar sus defensas contra este tipo de virus\u201d, mencion\u00f3.<\/p>\n\n\n\n<p>De acuerdo con el Informe de Vigilancia Epidemiologica, de octubre de 2019 a marzo de este a\u00f1o, se registraron 142 casos de influenza y 16 defuncio<\/p>\n","protected":false},"excerpt":{"rendered":"<p>Juan Arcos Xalapa, Ver.- En el estado de Veracruz ser\u00e1n aplicadas m\u00e1s de 800 mil vacunas contra la influenza estacional, cuyas dosis estar\u00e1n garantizadas en los centros de salud y las jurisdicciones sanitarias. De acuerdo con el titular de los Servicios de Salud de Veracruz (Sesver), Roberto Ramos Alor, la campa\u00f1a de vacunaci\u00f3n inici\u00f3 este [&hellip;]<\/p>\n","protected":false},"author":1,"featured_media":6406,"comment_status":"open","ping_status":"open","sticky":false,"template":"","format":"standard","meta":{"_jetpack_memberships_contains_paid_content":false,"footnotes":""},"categories":[9],"tags":[],"class_list":["post-6405","post","type-post","status-publish","format-standard","has-post-thumbnail","hentry","category-salud"],"jetpack_featured_media_url":"https:\/\/encuentroinformativo.com.mx\/wp-content\/uploads\/2020\/10\/F4DBC130-7926-4AD7-A685-147A30AEA82E.jpeg","jetpack_sharing_enabled":true,"jetpack_likes_enabled":true,"amp_enabled":true,"_links":{"self":[{"href":"https:\/\/encuentroinformativo.com.mx\/index.php?rest_route=\/wp\/v2\/posts\/6405","targetHints":{"allow":["GET"]}}],"collection":[{"href":"https:\/\/encuentroinformativo.com.mx\/index.php?rest_route=\/wp\/v2\/posts"}],"about":[{"href":"https:\/\/encuentroinformativo.com.mx\/index.php?rest_route=\/wp\/v2\/types\/post"}],"author":[{"embeddable":true,"href":"https:\/\/encuentroinformativo.com.mx\/index.php?rest_route=\/wp\/v2\/users\/1"}],"replies":[{"embeddable":true,"href":"https:\/\/encuentroinformativo.com.mx\/index.php?rest_route=%2Fwp%2Fv2%2Fcomments&post=6405"}],"version-history":[{"count":1,"href":"https:\/\/encuentroinformativo.com.mx\/index.php?rest_route=\/wp\/v2\/posts\/6405\/revisions"}],"predecessor-version":[{"id":6407,"href":"https:\/\/encuentroinformativo.com.mx\/index.php?rest_route=\/wp\/v2\/posts\/6405\/revisions\/6407"}],"wp:featuredmedia":[{"embeddable":true,"href":"https:\/\/encuentroinformativo.com.mx\/index.php?rest_route=\/wp\/v2\/media\/6406"}],"wp:attachment":[{"href":"https:\/\/encuentroinformativo.com.mx\/index.php?rest_route=%2Fwp%2Fv2%2Fmedia&parent=6405"}],"wp:term":[{"taxonomy":"category","embeddable":true,"href":"https:\/\/encuentroinformativo.com.mx\/index.php?rest_route=%2Fwp%2Fv2%2Fcategories&post=6405"},{"taxonomy":"post_tag","embeddable":true,"href":"https:\/\/encuentroinformativo.com.mx\/index.php?rest_route=%2Fwp%2Fv2%2Ftags&post=6405"}],"curies":[{"name":"wp","href":"https:\/\/api.w.org\/{rel}","templated":true}]}}