{"id":64077,"date":"2025-02-24T13:04:25","date_gmt":"2025-02-24T19:04:25","guid":{"rendered":"https:\/\/encuentroinformativo.com.mx\/?p=64077"},"modified":"2025-02-24T13:04:25","modified_gmt":"2025-02-24T19:04:25","slug":"localizan-vehiculo-calcinado-con-restos-humanos-en-minatitlan","status":"publish","type":"post","link":"https:\/\/encuentroinformativo.com.mx\/?p=64077","title":{"rendered":"Localizan veh\u00edculo calcinado con restos humanos en Minatitl\u00e1n"},"content":{"rendered":"<p><strong style=\"font-size: 1rem;\">Jos\u00e9 Vargas<\/strong><\/p>\n<p>Minatitl\u00e1n, Ver.- La ma\u00f1ana de este lunes 24 de febrero, un veh\u00edculo completamente calcinado con restos humanos en su interior fue localizado en la calle Almoneda de la colonia Obrera, en el municipio de Minatitl\u00e1n, al sur de Veracruz.<\/p>\n<p>De acuerdo con testimonios de vecinos, alrededor de las siete de la ma\u00f1ana se percataron del incendio de la unidad, presuntamente utilizada como taxi, por lo que alertaron a los cuerpos de emergencia.<\/p>\n<p>Elementos del cuerpo de Bomberos acudieron al sitio para sofocar las llamas y, tras la extinci\u00f3n del fuego, descubrieron un cuerpo completamente calcinado en el interior del autom\u00f3vil. Ante el hallazgo, se dio aviso a las autoridades, arribando al lugar agentes de la Polic\u00eda Estatal, quienes acordonaron la zona.<\/p>\n<p>Personal de la Fiscal\u00eda General del Estado (FGE), peritos forenses y agentes ministeriales realizaron las diligencias correspondientes. Los restos humanos fueron levantados y trasladados en calidad de desconocidos al Servicio M\u00e9dico Forense (Semefo), mientras que la unidad siniestrada fue enviada a un corral\u00f3n como parte de las investigaciones.<\/p>\n<p>Hasta el momento, se desconoce la identidad de la v\u00edctima, as\u00ed como el m\u00f3vil del crimen. La FGE ha abierto una carpeta de investigaci\u00f3n para esclarecer este hecho violento que ha generado conmoci\u00f3n en la zona.<\/p>\n","protected":false},"excerpt":{"rendered":"<p>Jos\u00e9 Vargas Minatitl\u00e1n, Ver.- La ma\u00f1ana de este lunes 24 de febrero, un veh\u00edculo completamente calcinado con restos humanos en su interior fue localizado en la calle Almoneda de la colonia Obrera, en el municipio de Minatitl\u00e1n, al sur de Veracruz. De acuerdo con testimonios de vecinos, alrededor de las siete de la ma\u00f1ana se [&hellip;]<\/p>\n","protected":false},"author":2476,"featured_media":64078,"comment_status":"open","ping_status":"open","sticky":false,"template":"","format":"standard","meta":{"_jetpack_memberships_contains_paid_content":false,"footnotes":""},"categories":[14],"tags":[],"class_list":["post-64077","post","type-post","status-publish","format-standard","has-post-thumbnail","hentry","category-policiaca"],"jetpack_featured_media_url":"https:\/\/encuentroinformativo.com.mx\/wp-content\/uploads\/2025\/02\/IMG-20250224-WA0040.jpg","jetpack_sharing_enabled":true,"jetpack_likes_enabled":true,"amp_enabled":true,"_links":{"self":[{"href":"https:\/\/encuentroinformativo.com.mx\/index.php?rest_route=\/wp\/v2\/posts\/64077","targetHints":{"allow":["GET"]}}],"collection":[{"href":"https:\/\/encuentroinformativo.com.mx\/index.php?rest_route=\/wp\/v2\/posts"}],"about":[{"href":"https:\/\/encuentroinformativo.com.mx\/index.php?rest_route=\/wp\/v2\/types\/post"}],"author":[{"embeddable":true,"href":"https:\/\/encuentroinformativo.com.mx\/index.php?rest_route=\/wp\/v2\/users\/2476"}],"replies":[{"embeddable":true,"href":"https:\/\/encuentroinformativo.com.mx\/index.php?rest_route=%2Fwp%2Fv2%2Fcomments&post=64077"}],"version-history":[{"count":1,"href":"https:\/\/encuentroinformativo.com.mx\/index.php?rest_route=\/wp\/v2\/posts\/64077\/revisions"}],"predecessor-version":[{"id":64079,"href":"https:\/\/encuentroinformativo.com.mx\/index.php?rest_route=\/wp\/v2\/posts\/64077\/revisions\/64079"}],"wp:featuredmedia":[{"embeddable":true,"href":"https:\/\/encuentroinformativo.com.mx\/index.php?rest_route=\/wp\/v2\/media\/64078"}],"wp:attachment":[{"href":"https:\/\/encuentroinformativo.com.mx\/index.php?rest_route=%2Fwp%2Fv2%2Fmedia&parent=64077"}],"wp:term":[{"taxonomy":"category","embeddable":true,"href":"https:\/\/encuentroinformativo.com.mx\/index.php?rest_route=%2Fwp%2Fv2%2Fcategories&post=64077"},{"taxonomy":"post_tag","embeddable":true,"href":"https:\/\/encuentroinformativo.com.mx\/index.php?rest_route=%2Fwp%2Fv2%2Ftags&post=64077"}],"curies":[{"name":"wp","href":"https:\/\/api.w.org\/{rel}","templated":true}]}}