{"id":64095,"date":"2025-02-24T13:50:16","date_gmt":"2025-02-24T19:50:16","guid":{"rendered":"https:\/\/encuentroinformativo.com.mx\/?p=64095"},"modified":"2025-02-24T13:50:16","modified_gmt":"2025-02-24T19:50:16","slug":"por-contaminacion-caev-suspende-bombeo-desde-rio-chiquihuite-a-paso-del-macho","status":"publish","type":"post","link":"https:\/\/encuentroinformativo.com.mx\/?p=64095","title":{"rendered":"Por contaminaci\u00f3n, CAEV suspende bombeo desde R\u00edo Chiquihuite a Paso del Macho"},"content":{"rendered":"<p><strong style=\"font-size: 1rem;\">Alejandro \u00c1vila<\/strong><\/p>\n<p>Paso del Macho, Ver.- Desde hace unos d\u00edas la Comisi\u00f3n del Agua del Estado de Veracruz (CAEV) suspendi\u00f3 el bombeo de agua desde el R\u00edo Chiquihuite a localidades del municipio de Paso del Macho, debido a la contaminaci\u00f3n que tiene el cuerpo de agua.<\/p>\n<p>Pobladores de Carrizal, Remudadero, Pocitos y la cabecera municipal, acusaron ante CAEV que el agua presentaba malos olores y espuma creciente; situaci\u00f3n que sucede cada \u00e9poca de corte de caf\u00e9, ya que aseguran, el r\u00edo es usado para lanzar residuos del lavado del caf\u00e9 cereza.<\/p>\n<p>Los puntos que han identificado se vierten los qu\u00edmicos son en Tepatlaxco y Huatusco; cabe recordar que, hace 3 a\u00f1os la poblaci\u00f3n se manifest\u00f3 contra la empresa europea AMSA, acusando que dej\u00f3 caer miles de litros de \u00e1cidos utilizados para quebrar m\u00e1s pronto el caf\u00e9 cereza y acelerar la producci\u00f3n.<\/p>\n<p>Ante esta situaci\u00f3n de la ciudadan\u00eda de Paso del Macho solicit\u00f3 a la CAEV revisar el tema y proceder a encontrar de quienes atentan contra naturaleza del cuerpo de agua.<\/p>\n","protected":false},"excerpt":{"rendered":"<p>Alejandro \u00c1vila Paso del Macho, Ver.- Desde hace unos d\u00edas la Comisi\u00f3n del Agua del Estado de Veracruz (CAEV) suspendi\u00f3 el bombeo de agua desde el R\u00edo Chiquihuite a localidades del municipio de Paso del Macho, debido a la contaminaci\u00f3n que tiene el cuerpo de agua. Pobladores de Carrizal, Remudadero, Pocitos y la cabecera municipal, [&hellip;]<\/p>\n","protected":false},"author":2476,"featured_media":64096,"comment_status":"open","ping_status":"open","sticky":false,"template":"","format":"standard","meta":{"_jetpack_memberships_contains_paid_content":false,"footnotes":""},"categories":[2],"tags":[],"class_list":["post-64095","post","type-post","status-publish","format-standard","has-post-thumbnail","hentry","category-estado"],"jetpack_featured_media_url":"https:\/\/encuentroinformativo.com.mx\/wp-content\/uploads\/2025\/02\/IMG-20250223-WA0097.jpg","jetpack_sharing_enabled":true,"jetpack_likes_enabled":true,"amp_enabled":true,"_links":{"self":[{"href":"https:\/\/encuentroinformativo.com.mx\/index.php?rest_route=\/wp\/v2\/posts\/64095","targetHints":{"allow":["GET"]}}],"collection":[{"href":"https:\/\/encuentroinformativo.com.mx\/index.php?rest_route=\/wp\/v2\/posts"}],"about":[{"href":"https:\/\/encuentroinformativo.com.mx\/index.php?rest_route=\/wp\/v2\/types\/post"}],"author":[{"embeddable":true,"href":"https:\/\/encuentroinformativo.com.mx\/index.php?rest_route=\/wp\/v2\/users\/2476"}],"replies":[{"embeddable":true,"href":"https:\/\/encuentroinformativo.com.mx\/index.php?rest_route=%2Fwp%2Fv2%2Fcomments&post=64095"}],"version-history":[{"count":1,"href":"https:\/\/encuentroinformativo.com.mx\/index.php?rest_route=\/wp\/v2\/posts\/64095\/revisions"}],"predecessor-version":[{"id":64097,"href":"https:\/\/encuentroinformativo.com.mx\/index.php?rest_route=\/wp\/v2\/posts\/64095\/revisions\/64097"}],"wp:featuredmedia":[{"embeddable":true,"href":"https:\/\/encuentroinformativo.com.mx\/index.php?rest_route=\/wp\/v2\/media\/64096"}],"wp:attachment":[{"href":"https:\/\/encuentroinformativo.com.mx\/index.php?rest_route=%2Fwp%2Fv2%2Fmedia&parent=64095"}],"wp:term":[{"taxonomy":"category","embeddable":true,"href":"https:\/\/encuentroinformativo.com.mx\/index.php?rest_route=%2Fwp%2Fv2%2Fcategories&post=64095"},{"taxonomy":"post_tag","embeddable":true,"href":"https:\/\/encuentroinformativo.com.mx\/index.php?rest_route=%2Fwp%2Fv2%2Ftags&post=64095"}],"curies":[{"name":"wp","href":"https:\/\/api.w.org\/{rel}","templated":true}]}}