{"id":64103,"date":"2025-02-24T11:10:59","date_gmt":"2025-02-24T17:10:59","guid":{"rendered":"https:\/\/encuentroinformativo.com.mx\/?p=64103"},"modified":"2025-02-24T14:12:17","modified_gmt":"2025-02-24T20:12:17","slug":"un-migrante-ha-solicitado-ayuda-para-su-retorno-bertoldo-reyes","status":"publish","type":"post","link":"https:\/\/encuentroinformativo.com.mx\/?p=64103","title":{"rendered":"Un migrante ha solicitado ayuda para su retorno: Bertoldo Reyes"},"content":{"rendered":"<p><strong style=\"font-size: 1rem;\">Dar\u00edo Pale<\/strong><\/p>\n<p>Xalapa, Ver.- El director general de Atenci\u00f3n a Migrantes en Veracruz, Bertoldo Reyes Campuzano dio a conocer que hasta ahora s\u00f3lo un migrante veracruzano ha solicitado el apoyo de las autoridades del estado para regresar a su lugar de origen tras las deportaciones implementadas por el presidente de Estados Unidos, Donald Trump.<\/p>\n<p>Se trata de un migrante originario de \u00c1lamo Temapache, municipio ubicado al norte del estado, &#8220;de manera particular, hasta el viernes de la semana pasada, una persona que solicit\u00f3 el apoyo y se la estamos dando con las autoridades municipales de \u00c1lamo, nada m\u00e1s&#8221;.<\/p>\n<p>En ese sentido, revel\u00f3 que no ha habido necesidad hasta este momento, de accionar el programa M\u00e9xico te abraza a trav\u00e9s del cual diferentes dependencias estatales se coordinaron con los ayuntamientos para acompa\u00f1ar y facilitar el regreso de los migrantes veracruzanos a sus lugares de origen, lo que presume que lo han hecho por su cuenta:<\/p>\n<p>&#8220;Afortunadamente no ha habido necesidad en virtud de que el Instituto Nacional de Migraci\u00f3n no nos hizo entrega de ning\u00fan contingente de veracruzanos que hubieran pedido el auxilio para ser trasladados a Veracruz&#8221;, se\u00f1al\u00f3.<\/p>\n<p>Sin embargo, el programa se mantiene activo y se mantiene la comunicaci\u00f3n entre dependencias de gobierno y los ayuntamientos para ponerlo en acci\u00f3n cuando se solicite.<\/p>\n<p>Finalmente subray\u00f3 que el sector productivo de Estados Unidos sabe que necesita la mano de obra del mexicano para mantener activa la econom\u00eda de ese pa\u00eds.<\/p>\n","protected":false},"excerpt":{"rendered":"<p>Dar\u00edo Pale Xalapa, Ver.- El director general de Atenci\u00f3n a Migrantes en Veracruz, Bertoldo Reyes Campuzano dio a conocer que hasta ahora s\u00f3lo un migrante veracruzano ha solicitado el apoyo de las autoridades del estado para regresar a su lugar de origen tras las deportaciones implementadas por el presidente de Estados Unidos, Donald Trump. Se [&hellip;]<\/p>\n","protected":false},"author":2476,"featured_media":64104,"comment_status":"open","ping_status":"open","sticky":false,"template":"","format":"standard","meta":{"_jetpack_memberships_contains_paid_content":false,"footnotes":""},"categories":[2],"tags":[],"class_list":["post-64103","post","type-post","status-publish","format-standard","has-post-thumbnail","hentry","category-estado"],"jetpack_featured_media_url":"https:\/\/encuentroinformativo.com.mx\/wp-content\/uploads\/2025\/02\/IMG-20250224-WA0191.jpg","jetpack_sharing_enabled":true,"jetpack_likes_enabled":true,"amp_enabled":true,"_links":{"self":[{"href":"https:\/\/encuentroinformativo.com.mx\/index.php?rest_route=\/wp\/v2\/posts\/64103","targetHints":{"allow":["GET"]}}],"collection":[{"href":"https:\/\/encuentroinformativo.com.mx\/index.php?rest_route=\/wp\/v2\/posts"}],"about":[{"href":"https:\/\/encuentroinformativo.com.mx\/index.php?rest_route=\/wp\/v2\/types\/post"}],"author":[{"embeddable":true,"href":"https:\/\/encuentroinformativo.com.mx\/index.php?rest_route=\/wp\/v2\/users\/2476"}],"replies":[{"embeddable":true,"href":"https:\/\/encuentroinformativo.com.mx\/index.php?rest_route=%2Fwp%2Fv2%2Fcomments&post=64103"}],"version-history":[{"count":1,"href":"https:\/\/encuentroinformativo.com.mx\/index.php?rest_route=\/wp\/v2\/posts\/64103\/revisions"}],"predecessor-version":[{"id":64105,"href":"https:\/\/encuentroinformativo.com.mx\/index.php?rest_route=\/wp\/v2\/posts\/64103\/revisions\/64105"}],"wp:featuredmedia":[{"embeddable":true,"href":"https:\/\/encuentroinformativo.com.mx\/index.php?rest_route=\/wp\/v2\/media\/64104"}],"wp:attachment":[{"href":"https:\/\/encuentroinformativo.com.mx\/index.php?rest_route=%2Fwp%2Fv2%2Fmedia&parent=64103"}],"wp:term":[{"taxonomy":"category","embeddable":true,"href":"https:\/\/encuentroinformativo.com.mx\/index.php?rest_route=%2Fwp%2Fv2%2Fcategories&post=64103"},{"taxonomy":"post_tag","embeddable":true,"href":"https:\/\/encuentroinformativo.com.mx\/index.php?rest_route=%2Fwp%2Fv2%2Ftags&post=64103"}],"curies":[{"name":"wp","href":"https:\/\/api.w.org\/{rel}","templated":true}]}}