{"id":64106,"date":"2025-02-24T14:18:27","date_gmt":"2025-02-24T20:18:27","guid":{"rendered":"https:\/\/encuentroinformativo.com.mx\/?p=64106"},"modified":"2025-02-24T14:18:27","modified_gmt":"2025-02-24T20:18:27","slug":"docentes-deben-retornar-a-las-aulas-rocio-nahle","status":"publish","type":"post","link":"https:\/\/encuentroinformativo.com.mx\/?p=64106","title":{"rendered":"Docentes deben retornar a las aulas: Roc\u00edo Nahle"},"content":{"rendered":"<p><strong style=\"font-size: 1rem;\">Dar\u00edo Pale<\/strong><\/p>\n<p>Xalapa, Ver.- La gobernadora de Veracruz Norma Roc\u00edo Nahle Garc\u00eda, revel\u00f3 que Veracruz ocupa el primer lugar en analfabetismo a nivel nacional, por lo que pidi\u00f3 a los maestros que regresen a las aulas.<\/p>\n<p>No obstante, aclar\u00f3 que el magisterio veracruzano cuenta con todo el reconocimiento &#8220;y sobre todo mi gratitud, porque el magisterio siempre se ha portado muy bien con nosotros y es parte fundamental en Veracruz&#8221;.<\/p>\n<p>En entrevista, luego del homenaje por el D\u00eda de la Bandera, la gobernadora explic\u00f3 que Veracruz es el estado con m\u00e1s maestros a nivel nacional.<\/p>\n<p>&#8220;Tenemos escuelas en donde no hay maestros, somos el n\u00famero uno en analfabetismo, entonces le ped\u00ed a la Secretaria Claudia para que me ayudara a acomodar a todos los maestros&#8221;, comento.<\/p>\n<p>Al respecto, dej\u00f3 en claro que nadie perder\u00e1 su empleo, &#8220;seguir\u00e1n teniendo su trabajo. A nadie se le va a reprimir. Menos burocracia&#8221;.<\/p>\n<p>Ante la toma de la dependencia la ma\u00f1ana de este lunes por 8 sindicatos minoritarios, pidi\u00f3 ayuda a los trabajadores de la educaci\u00f3n a volver a las aulas y que haya menos burocracia.<\/p>\n<p>&#8220;No queremos que haya comisionados. Si son maestros&#8230;lo que sea, la profesi\u00f3n no es temporal, es permanente, que nos ayuden con nuestros ni\u00f1os y ni\u00f1as, eso es lo que queremos&#8221;, asegur\u00f3.<\/p>\n<p>Nahle Garc\u00eda revel\u00f3 que en una pl\u00e1tica con el secretario de Educaci\u00f3n federal, Mario Delgado, hablaron sobre el burocratismo generado por la USICAMM.<\/p>\n<p>&#8220;Es parte de lo que tenemos que arreglar, esto de subastar horas, este tema pues viene de la reforma de Pe\u00f1a Nieto, entonces hay que acomodar y yo estoy segura que vamos a contar conmigo con el apoyo. Hay que dialogar con todos&#8221;, indic\u00f3<\/p>\n<p>Asimismo, adelant\u00f3 que se trabaja en la creaci\u00f3n de una sola n\u00f3mina para la burocracia estatal, &#8220;las n\u00f3minas est\u00e1n separadas, cada dependencia tiene su propia n\u00f3mina&#8221;.<\/p>\n<p>En otro tema, la Gobernadora adelant\u00f3 que est\u00e1 buscando una reestructura de la deuda p\u00fablica del Estado.<\/p>\n<p>Finalmente coment\u00f3 que, &#8220;est\u00e1 semana tengo en M\u00e9xico reuni\u00f3n con el director del SAT, porque vamos a hacer una revisi\u00f3n, vamos a hacer un plan, no nada m\u00e1s una reestructura, yo quiero irle bajando a la deuda, tenemos deuda en el SAT, deuda en el ISSSTE y deudas bancarias&#8221;.<\/p>\n","protected":false},"excerpt":{"rendered":"<p>Dar\u00edo Pale Xalapa, Ver.- La gobernadora de Veracruz Norma Roc\u00edo Nahle Garc\u00eda, revel\u00f3 que Veracruz ocupa el primer lugar en analfabetismo a nivel nacional, por lo que pidi\u00f3 a los maestros que regresen a las aulas. No obstante, aclar\u00f3 que el magisterio veracruzano cuenta con todo el reconocimiento &#8220;y sobre todo mi gratitud, porque el [&hellip;]<\/p>\n","protected":false},"author":2476,"featured_media":64107,"comment_status":"open","ping_status":"open","sticky":false,"template":"","format":"standard","meta":{"_jetpack_memberships_contains_paid_content":false,"footnotes":""},"categories":[2],"tags":[],"class_list":["post-64106","post","type-post","status-publish","format-standard","has-post-thumbnail","hentry","category-estado"],"jetpack_featured_media_url":"https:\/\/encuentroinformativo.com.mx\/wp-content\/uploads\/2025\/02\/IMG-20250224-WA01592.jpg","jetpack_sharing_enabled":true,"jetpack_likes_enabled":true,"amp_enabled":true,"_links":{"self":[{"href":"https:\/\/encuentroinformativo.com.mx\/index.php?rest_route=\/wp\/v2\/posts\/64106","targetHints":{"allow":["GET"]}}],"collection":[{"href":"https:\/\/encuentroinformativo.com.mx\/index.php?rest_route=\/wp\/v2\/posts"}],"about":[{"href":"https:\/\/encuentroinformativo.com.mx\/index.php?rest_route=\/wp\/v2\/types\/post"}],"author":[{"embeddable":true,"href":"https:\/\/encuentroinformativo.com.mx\/index.php?rest_route=\/wp\/v2\/users\/2476"}],"replies":[{"embeddable":true,"href":"https:\/\/encuentroinformativo.com.mx\/index.php?rest_route=%2Fwp%2Fv2%2Fcomments&post=64106"}],"version-history":[{"count":1,"href":"https:\/\/encuentroinformativo.com.mx\/index.php?rest_route=\/wp\/v2\/posts\/64106\/revisions"}],"predecessor-version":[{"id":64108,"href":"https:\/\/encuentroinformativo.com.mx\/index.php?rest_route=\/wp\/v2\/posts\/64106\/revisions\/64108"}],"wp:featuredmedia":[{"embeddable":true,"href":"https:\/\/encuentroinformativo.com.mx\/index.php?rest_route=\/wp\/v2\/media\/64107"}],"wp:attachment":[{"href":"https:\/\/encuentroinformativo.com.mx\/index.php?rest_route=%2Fwp%2Fv2%2Fmedia&parent=64106"}],"wp:term":[{"taxonomy":"category","embeddable":true,"href":"https:\/\/encuentroinformativo.com.mx\/index.php?rest_route=%2Fwp%2Fv2%2Fcategories&post=64106"},{"taxonomy":"post_tag","embeddable":true,"href":"https:\/\/encuentroinformativo.com.mx\/index.php?rest_route=%2Fwp%2Fv2%2Ftags&post=64106"}],"curies":[{"name":"wp","href":"https:\/\/api.w.org\/{rel}","templated":true}]}}