{"id":64110,"date":"2025-02-24T14:35:04","date_gmt":"2025-02-24T20:35:04","guid":{"rendered":"https:\/\/encuentroinformativo.com.mx\/?p=64110"},"modified":"2025-02-24T14:35:04","modified_gmt":"2025-02-24T20:35:04","slug":"bandera-de-mexico-simbolo-de-independencia-soberania-y-libertad","status":"publish","type":"post","link":"https:\/\/encuentroinformativo.com.mx\/?p=64110","title":{"rendered":"Bandera de M\u00e9xico, s\u00edmbolo de independencia, soberan\u00eda y libertad"},"content":{"rendered":"<p><strong>* Diputada, diputados, autoridades y personal del Congreso de Veracruz realizan un acto c\u00edvico para honrar el l\u00e1baro patrio.<\/strong><\/p>\n<p style=\"font-weight: 400;\"><span style=\"font-size: 1rem;\">Xalapa, Ver.- La bandera de M\u00e9xico no es s\u00f3lo un estandarte que ondea en plazas y edificios p\u00fablicos, sino que representa el testimonio vivo de nuestra independencia, soberan\u00eda y libertad, expres\u00f3 la titular de la Secretar\u00eda de Fiscalizaci\u00f3n del Congreso del Estado, Alma Leticia Pati\u00f1o Gabriel, en el acto c\u00edvico realizado en la explanada del Palacio Legislativo con motivo del d\u00eda dedicado al l\u00e1baro patrio.<\/span><\/p>\n<p style=\"font-weight: 400;\"><span style=\"font-size: 1rem;\">En su mensaje y ante la presencia de la diputada Dulce Mar\u00eda Hern\u00e1ndez Tepole y de los diputados Paul Mart\u00ednez Marie, Jos\u00e9 Reveriano Mar\u00edn Hern\u00e1ndez y Adri\u00e1n Sigfrido \u00c1vila Estrada, as\u00ed como del secretario del Sindicato \u00danico\u00a0 de Trabajadores al Servicio del Poder Legislativo (SUTSPL), Jos\u00e9 de Jes\u00fas Rodr\u00edguez Hern\u00e1ndez, la funcionaria subray\u00f3 que desde el Congreso local, \u201ccoraz\u00f3n de la vida democr\u00e1tica de Veracruz\u201d, se refrenda el compromiso con los ideales que la bandera representa.<\/span><\/p>\n<p style=\"font-weight: 400;\"><span style=\"font-size: 1rem;\">\u201cComo legisladores y servidores p\u00fablicos, nuestra responsabilidad es honrarla con acciones que fortalezcan la justicia, la equidad y el bienestar de las y los veracruzanos\u201d, precis\u00f3.<\/span><\/p>\n<p style=\"font-weight: 400;\"><span style=\"font-size: 1rem;\">La secretaria de Fiscalizaci\u00f3n extern\u00f3 a las nuevas generaciones que la bandera no es s\u00f3lo un s\u00edmbolo del pasado, sino un llamado al futuro, \u201cfuturo que debemos construir con esfuerzo, respeto y unidad. Que cada vez que la veamos ondear, recordemos que ser mexicanos y veracruzanos es un privilegio, pero tambi\u00e9n una responsabilidad\u201d, a\u00f1adi\u00f3.<\/span><\/p>\n<p style=\"font-weight: 400;\"><span style=\"font-size: 1rem;\">Asimismo, expres\u00f3 con antelaci\u00f3n que la bandera fue oficialmente reconocida en 1940 por el presidente L\u00e1zaro C\u00e1rdenas y que como s\u00edmbolo patrio representa la identidad y los valores que unen a las y los mexicanos.<\/span><\/p>\n<p style=\"font-weight: 400;\"><span style=\"font-size: 1rem;\">Previo al mensaje de la funcionaria, las y los asistentes realizaron los honores correspondientes y entonaron al un\u00edsono el Himno Nacional Mexicano, en el acto que cont\u00f3 con la participaci\u00f3n de la banda de guerra y escolta del SUTSPL.<\/span><\/p>\n<p style=\"font-weight: 400;\"><span style=\"font-size: 1rem;\">Asistieron, adem\u00e1s del personal que integra la Secretar\u00eda de Fiscalizaci\u00f3n, la directora de Tesorer\u00eda, Iveth Mart\u00ednez Hern\u00e1ndez; el director de Recursos Humanos, Francisco Javier Ram\u00edrez Hern\u00e1ndez, as\u00ed como coordinadores y jefes de \u00e1rea y personal, todos del Poder Legislativo.<\/span><\/p>\n<p><img loading=\"lazy\" decoding=\"async\" class=\"alignnone size-medium wp-image-64112\" src=\"https:\/\/encuentroinformativo.com.mx\/wp-content\/uploads\/2025\/02\/NOV24FEB2025ACTOCIVICO1-300x200.jpeg\" alt=\"\" width=\"300\" height=\"200\" srcset=\"https:\/\/encuentroinformativo.com.mx\/wp-content\/uploads\/2025\/02\/NOV24FEB2025ACTOCIVICO1-300x200.jpeg 300w, https:\/\/encuentroinformativo.com.mx\/wp-content\/uploads\/2025\/02\/NOV24FEB2025ACTOCIVICO1-1024x684.jpeg 1024w, https:\/\/encuentroinformativo.com.mx\/wp-content\/uploads\/2025\/02\/NOV24FEB2025ACTOCIVICO1-768x513.jpeg 768w, https:\/\/encuentroinformativo.com.mx\/wp-content\/uploads\/2025\/02\/NOV24FEB2025ACTOCIVICO1-1536x1025.jpeg 1536w, https:\/\/encuentroinformativo.com.mx\/wp-content\/uploads\/2025\/02\/NOV24FEB2025ACTOCIVICO1.jpeg 1600w\" sizes=\"auto, (max-width: 300px) 100vw, 300px\" \/><\/p>\n","protected":false},"excerpt":{"rendered":"<p>* Diputada, diputados, autoridades y personal del Congreso de Veracruz realizan un acto c\u00edvico para honrar el l\u00e1baro patrio. Xalapa, Ver.- La bandera de M\u00e9xico no es s\u00f3lo un estandarte que ondea en plazas y edificios p\u00fablicos, sino que representa el testimonio vivo de nuestra independencia, soberan\u00eda y libertad, expres\u00f3 la titular de la Secretar\u00eda [&hellip;]<\/p>\n","protected":false},"author":2476,"featured_media":64111,"comment_status":"open","ping_status":"open","sticky":false,"template":"","format":"standard","meta":{"_jetpack_memberships_contains_paid_content":false,"footnotes":""},"categories":[2],"tags":[],"class_list":["post-64110","post","type-post","status-publish","format-standard","has-post-thumbnail","hentry","category-estado"],"jetpack_featured_media_url":"https:\/\/encuentroinformativo.com.mx\/wp-content\/uploads\/2025\/02\/NOV24FEB2025ACTOCIVICO4.jpeg","jetpack_sharing_enabled":true,"jetpack_likes_enabled":true,"amp_enabled":true,"_links":{"self":[{"href":"https:\/\/encuentroinformativo.com.mx\/index.php?rest_route=\/wp\/v2\/posts\/64110","targetHints":{"allow":["GET"]}}],"collection":[{"href":"https:\/\/encuentroinformativo.com.mx\/index.php?rest_route=\/wp\/v2\/posts"}],"about":[{"href":"https:\/\/encuentroinformativo.com.mx\/index.php?rest_route=\/wp\/v2\/types\/post"}],"author":[{"embeddable":true,"href":"https:\/\/encuentroinformativo.com.mx\/index.php?rest_route=\/wp\/v2\/users\/2476"}],"replies":[{"embeddable":true,"href":"https:\/\/encuentroinformativo.com.mx\/index.php?rest_route=%2Fwp%2Fv2%2Fcomments&post=64110"}],"version-history":[{"count":1,"href":"https:\/\/encuentroinformativo.com.mx\/index.php?rest_route=\/wp\/v2\/posts\/64110\/revisions"}],"predecessor-version":[{"id":64113,"href":"https:\/\/encuentroinformativo.com.mx\/index.php?rest_route=\/wp\/v2\/posts\/64110\/revisions\/64113"}],"wp:featuredmedia":[{"embeddable":true,"href":"https:\/\/encuentroinformativo.com.mx\/index.php?rest_route=\/wp\/v2\/media\/64111"}],"wp:attachment":[{"href":"https:\/\/encuentroinformativo.com.mx\/index.php?rest_route=%2Fwp%2Fv2%2Fmedia&parent=64110"}],"wp:term":[{"taxonomy":"category","embeddable":true,"href":"https:\/\/encuentroinformativo.com.mx\/index.php?rest_route=%2Fwp%2Fv2%2Fcategories&post=64110"},{"taxonomy":"post_tag","embeddable":true,"href":"https:\/\/encuentroinformativo.com.mx\/index.php?rest_route=%2Fwp%2Fv2%2Ftags&post=64110"}],"curies":[{"name":"wp","href":"https:\/\/api.w.org\/{rel}","templated":true}]}}