{"id":64117,"date":"2025-02-24T17:37:18","date_gmt":"2025-02-24T23:37:18","guid":{"rendered":"https:\/\/encuentroinformativo.com.mx\/?p=64117"},"modified":"2025-02-24T17:37:18","modified_gmt":"2025-02-24T23:37:18","slug":"continuan-trabajos-de-busqueda-en-distintos-puntos-del-estado","status":"publish","type":"post","link":"https:\/\/encuentroinformativo.com.mx\/?p=64117","title":{"rendered":"Contin\u00faan trabajos de b\u00fasqueda en distintos puntos del Estado"},"content":{"rendered":"<p><strong style=\"font-size: 1rem;\">Dar\u00edo Pale<\/strong><\/p>\n<p>Xalapa, Ver.- La encargada de despacho de la Comisi\u00f3n Estatal de B\u00fasqueda en Veracruz, Lutgarda Madrigal Valdez dio a conocer que, han realizado b\u00fasqueda en diferentes zonas y han dado resultados positivos y negativos.<\/p>\n<p>En entrevista se\u00f1al\u00f3 que debido a la secrec\u00eda no puede dar muchos datos de los lugares donde est\u00e1n trabajando ni de los resultados que han tenido.<\/p>\n<p>\u201cNosotros trabajamos de forma muy coordinada cada semana estamos reunidos Fiscal\u00eda, Comisi\u00f3n de B\u00fasqueda, Servicios Periciales, v\u00edctimas incluso ahora y trabajamos todos de manera coordinada\u201d, se\u00f1al\u00f3.<\/p>\n<p>Reitero que en el mes de enero fueron 66 desaparecidos de los cuales 55 aparecieron y los dem\u00e1s se han ido por motivos de violencia familiar, delito de abandono de familiares.<\/p>\n<p>Coment\u00f3 que los menores tambi\u00e9n est\u00e1n apareciendo, el d\u00eda de ayer apareci\u00f3 una ni\u00f1a de Zongolica, en Quintana Roo y ya la fiscal\u00eda la traslad\u00f3 al estado, puede ser por problemas familiares por lo que habr\u00eda que tomar y retomar el tema de la prevenci\u00f3n del delito.<\/p>\n<p>En otro orden de ideas coment\u00f3 que no dejar\u00eda su cargo para promoverse como aspirante a ministra de la Suprema Corte de Justicia de la Naci\u00f3n.<\/p>\n<p>&#8220;Habr\u00eda que ver las reglas. Es el mejor trabajo que puede uno hacer, donde est\u00e1 uno trabajando y ah\u00ed seguir\u00eda&#8221;.<\/p>\n<p>Se trata de la \u00fanica veracruzana que aparecer\u00e1 en las boletas el d\u00eda de la elecci\u00f3n del Poder Judicial de la Federaci\u00f3n, quien dijo que &#8220;es tiempo de mujeres&#8221;.<\/p>\n<p>Lutgarda Madrigal dijo que esperar\u00e1 los tiempos para definir su campa\u00f1a a partir del 29 de abril de acuerdo a los lineamientos que emita el Instituto Nacional Electoral.<\/p>\n<p>&#8220;Siguiendo la t\u00f3nica de que van a seguir todos los candidatos al Poder Judicial, no quisiera verme superior ni inferior, esperar\u00eda los tiempos, las reglas y yo creo que seguir\u00e9 trabajando porque esa es la mejor imagen que puede uno dar. El trabajo por Veracruz&#8221; expuso.<\/p>\n","protected":false},"excerpt":{"rendered":"<p>Dar\u00edo Pale Xalapa, Ver.- La encargada de despacho de la Comisi\u00f3n Estatal de B\u00fasqueda en Veracruz, Lutgarda Madrigal Valdez dio a conocer que, han realizado b\u00fasqueda en diferentes zonas y han dado resultados positivos y negativos. En entrevista se\u00f1al\u00f3 que debido a la secrec\u00eda no puede dar muchos datos de los lugares donde est\u00e1n trabajando [&hellip;]<\/p>\n","protected":false},"author":2476,"featured_media":64118,"comment_status":"open","ping_status":"open","sticky":false,"template":"","format":"standard","meta":{"_jetpack_memberships_contains_paid_content":false,"footnotes":""},"categories":[2],"tags":[],"class_list":["post-64117","post","type-post","status-publish","format-standard","has-post-thumbnail","hentry","category-estado"],"jetpack_featured_media_url":"https:\/\/encuentroinformativo.com.mx\/wp-content\/uploads\/2025\/02\/IMG-20250224-WA0246.jpg","jetpack_sharing_enabled":true,"jetpack_likes_enabled":true,"amp_enabled":true,"_links":{"self":[{"href":"https:\/\/encuentroinformativo.com.mx\/index.php?rest_route=\/wp\/v2\/posts\/64117","targetHints":{"allow":["GET"]}}],"collection":[{"href":"https:\/\/encuentroinformativo.com.mx\/index.php?rest_route=\/wp\/v2\/posts"}],"about":[{"href":"https:\/\/encuentroinformativo.com.mx\/index.php?rest_route=\/wp\/v2\/types\/post"}],"author":[{"embeddable":true,"href":"https:\/\/encuentroinformativo.com.mx\/index.php?rest_route=\/wp\/v2\/users\/2476"}],"replies":[{"embeddable":true,"href":"https:\/\/encuentroinformativo.com.mx\/index.php?rest_route=%2Fwp%2Fv2%2Fcomments&post=64117"}],"version-history":[{"count":1,"href":"https:\/\/encuentroinformativo.com.mx\/index.php?rest_route=\/wp\/v2\/posts\/64117\/revisions"}],"predecessor-version":[{"id":64119,"href":"https:\/\/encuentroinformativo.com.mx\/index.php?rest_route=\/wp\/v2\/posts\/64117\/revisions\/64119"}],"wp:featuredmedia":[{"embeddable":true,"href":"https:\/\/encuentroinformativo.com.mx\/index.php?rest_route=\/wp\/v2\/media\/64118"}],"wp:attachment":[{"href":"https:\/\/encuentroinformativo.com.mx\/index.php?rest_route=%2Fwp%2Fv2%2Fmedia&parent=64117"}],"wp:term":[{"taxonomy":"category","embeddable":true,"href":"https:\/\/encuentroinformativo.com.mx\/index.php?rest_route=%2Fwp%2Fv2%2Fcategories&post=64117"},{"taxonomy":"post_tag","embeddable":true,"href":"https:\/\/encuentroinformativo.com.mx\/index.php?rest_route=%2Fwp%2Fv2%2Ftags&post=64117"}],"curies":[{"name":"wp","href":"https:\/\/api.w.org\/{rel}","templated":true}]}}