{"id":64124,"date":"2025-02-24T19:20:07","date_gmt":"2025-02-25T01:20:07","guid":{"rendered":"https:\/\/encuentroinformativo.com.mx\/?p=64124"},"modified":"2025-02-24T19:20:07","modified_gmt":"2025-02-25T01:20:07","slug":"en-listado-de-aspirantes-avanza-marily-viveros","status":"publish","type":"post","link":"https:\/\/encuentroinformativo.com.mx\/?p=64124","title":{"rendered":"En listado de aspirantes, avanza Marily Viveros"},"content":{"rendered":"<p><strong style=\"font-size: 1rem;\">* La actual Magistrada de la Octava Sala Especializada en Derecho Familiar y catedr\u00e1tica de la Universidad Veracruzana, cumple con los requisitos constitucionales.<\/strong><\/p>\n<p>Xalapa, Ver.- La magistrada del Poder Judicial del Estado de Veracruz, Mari\u0301a Lilia Viveros Rami\u0301rez, mejor conocida como &#8220;Marily Viveros&#8221;, ya esta\u0301 en los tres listados de aspirantes que cumplen los requisitos para participar en junio.<\/p>\n<p>Abogada de amplia carrera en diversos cargos p\u00fablicos, tanto en la judicatura y en la administraci\u00f3n p\u00fablica estatal, aparece en las listas del Poder Ejecutivo y Legislativo, asi\u0301 como del Poder Judicial.<\/p>\n<p>Su trayectoria acad\u00e9mica y profesional, le facilitan cumplir con los requisitos establecidos por la Constituci\u00f3n Mexicana, as\u00ed como las leyes relacionadas para buscar una Magistratura a trav\u00e9s del voto Popular, mecanismo instaurado con las recientes reformas al Poder Judicial.<\/p>\n<p>La actual magistrada de la Octava Sala Especializada en Derecho Familiar, anuncio\u0301 hace un par de semanas que aceptaba el pase directo para someterse a la voluntad ciudadana convencida que la democracia, la voz del pueblo, es el camino para mejorar la justicia.<\/p>\n<p>La tambi\u00e9n catedr\u00e1tica de la Universidad Veracruzana est\u00e1 convencida de que los ciudadanos tendra\u0301n en claro que la experiencia, la sensibilidad, el amor a la patria y cercan\u00eda a la gente, sera\u0301n factores determinantes para combatir la corrupcio\u0301n en cualquier nivel.<\/p>\n<p>\u201cPor supuesto que estoy a favor de someternos a la decisio\u0301n ciudadana, de que ahora seamos nosotros juzgados por nuestro trabajo y cualidades, es mi motivacio\u0301n: tengo la frente en alto y el compromiso en el coraz\u00f3n\u201d, expreso\u0301.<\/p>\n<p>La licenciada en Derecho por la UV fue la primera mujer en ser electa como Consejera Alumna de la Facultad de Derecho ante el Consejo Universitario General, y desde 1999 se ha desempe\u00f1ado en diversos cargos p\u00fablicos en la judicatura y en la administraci\u00f3n p\u00fablica estatal.<\/p>\n<p>Doctora en Derecho por el Instituto de Investigaciones Jur\u00eddicas con investigaci\u00f3n sobre sentencias judiciales y se especializo\u0301 en Derecho Administrativo en la Universidad de Salamanca, Espan\u0303a. Adema\u0301s, es docente de Filosof\u00eda del Derecho en la licenciatura y el doctorado de la Universidad Veracruzana.<\/p>\n<p>En 2020, como ciudadana independiente, fue designada por el Congreso del Estado como Magistrada del Tribunal Superior de Justicia del Estado de Veracruz, y la reforma la alcanzo\u0301, pero conf\u00eda plenamente en que su trabajo en materia de Derecho de Familia, la presenta sin pendientes.<\/p>\n<p>Fue consultora del Instituto Veracruzano de las Mujeres y distinguida en 2016 por ese mismo Instituto por promover la investigaci\u00f3n con Perspectiva de G\u00e9nero.<\/p>\n<p>Ha dictado cursos en materia de Derechos Humanos, Derechos Humanos de las Mujeres, Redacci\u00f3n Jur\u00eddica y Perspectiva de G\u00e9nero. Fue integrante del Grupo Interinstitucional y Multidisciplinario (GIM) que da seguimiento a la Declaratoria de Alerta de Violencia de G\u00e9nero Contra las Mujeres, por Agravio Comparado, en el Estado de Veracruz.<\/p>\n","protected":false},"excerpt":{"rendered":"<p>* La actual Magistrada de la Octava Sala Especializada en Derecho Familiar y catedr\u00e1tica de la Universidad Veracruzana, cumple con los requisitos constitucionales. Xalapa, Ver.- La magistrada del Poder Judicial del Estado de Veracruz, Mari\u0301a Lilia Viveros Rami\u0301rez, mejor conocida como &#8220;Marily Viveros&#8221;, ya esta\u0301 en los tres listados de aspirantes que cumplen los requisitos [&hellip;]<\/p>\n","protected":false},"author":2476,"featured_media":64126,"comment_status":"open","ping_status":"open","sticky":false,"template":"","format":"standard","meta":{"_jetpack_memberships_contains_paid_content":false,"footnotes":""},"categories":[2],"tags":[],"class_list":["post-64124","post","type-post","status-publish","format-standard","has-post-thumbnail","hentry","category-estado"],"jetpack_featured_media_url":"https:\/\/encuentroinformativo.com.mx\/wp-content\/uploads\/2025\/02\/Screenshot_20250224-1911052.png","jetpack_sharing_enabled":true,"jetpack_likes_enabled":true,"amp_enabled":true,"_links":{"self":[{"href":"https:\/\/encuentroinformativo.com.mx\/index.php?rest_route=\/wp\/v2\/posts\/64124","targetHints":{"allow":["GET"]}}],"collection":[{"href":"https:\/\/encuentroinformativo.com.mx\/index.php?rest_route=\/wp\/v2\/posts"}],"about":[{"href":"https:\/\/encuentroinformativo.com.mx\/index.php?rest_route=\/wp\/v2\/types\/post"}],"author":[{"embeddable":true,"href":"https:\/\/encuentroinformativo.com.mx\/index.php?rest_route=\/wp\/v2\/users\/2476"}],"replies":[{"embeddable":true,"href":"https:\/\/encuentroinformativo.com.mx\/index.php?rest_route=%2Fwp%2Fv2%2Fcomments&post=64124"}],"version-history":[{"count":1,"href":"https:\/\/encuentroinformativo.com.mx\/index.php?rest_route=\/wp\/v2\/posts\/64124\/revisions"}],"predecessor-version":[{"id":64127,"href":"https:\/\/encuentroinformativo.com.mx\/index.php?rest_route=\/wp\/v2\/posts\/64124\/revisions\/64127"}],"wp:featuredmedia":[{"embeddable":true,"href":"https:\/\/encuentroinformativo.com.mx\/index.php?rest_route=\/wp\/v2\/media\/64126"}],"wp:attachment":[{"href":"https:\/\/encuentroinformativo.com.mx\/index.php?rest_route=%2Fwp%2Fv2%2Fmedia&parent=64124"}],"wp:term":[{"taxonomy":"category","embeddable":true,"href":"https:\/\/encuentroinformativo.com.mx\/index.php?rest_route=%2Fwp%2Fv2%2Fcategories&post=64124"},{"taxonomy":"post_tag","embeddable":true,"href":"https:\/\/encuentroinformativo.com.mx\/index.php?rest_route=%2Fwp%2Fv2%2Ftags&post=64124"}],"curies":[{"name":"wp","href":"https:\/\/api.w.org\/{rel}","templated":true}]}}