{"id":64128,"date":"2025-02-25T09:33:21","date_gmt":"2025-02-25T15:33:21","guid":{"rendered":"https:\/\/encuentroinformativo.com.mx\/?p=64128"},"modified":"2025-02-25T09:33:21","modified_gmt":"2025-02-25T15:33:21","slug":"jardines-presa-de-la-delincuencia","status":"publish","type":"post","link":"https:\/\/encuentroinformativo.com.mx\/?p=64128","title":{"rendered":"JARDINES, PRESA DE LA DELINCUENCIA"},"content":{"rendered":"<p dir=\"ltr\"><strong><span style=\"font-size: 1rem;\">Los Pol\u00edticos<\/span><\/strong><\/p>\n<p dir=\"ltr\"><strong>Salvador Mu\u00f1oz<\/strong><\/p>\n<p><em>* La delincuencia en Jardines de Xalapa va creciendo\u2026 del robo de zapatos, tenis, ropa, se pas\u00f3 a los cristalazos, al robo de llantas, al portazo de carros y ahora, al asalto con cuchillo en mano\u2026<\/em><\/p>\n<p dir=\"ltr\">Paso por el parque de donde vivo y veo a empleados de Alumbrado P\u00fablico trabajando sobre las bases de las luminarias que al menos el domingo por la noche, no iluminaron esta \u00e1rea verde de Jardines de Xalapa.<\/p>\n<p dir=\"ltr\">Durante la madrugada del domingo, las ratas del cobre se robaron el cable de varias luminarias.<\/p>\n<p dir=\"ltr\">La mitad del parque, la noche del domingo, estaba en tinieblas ambientada todav\u00eda por esa neblina que invitaba a la imaginaci\u00f3n de unos y al terror de otros, por temor a que en esa oscuridad, saliera alg\u00fan asaltante.<\/p>\n<p dir=\"ltr\">El temor no es infundado en Jardines de Xalapa. Una vecina hace una semana o poco m\u00e1s, por la ma\u00f1ana, cuando sal\u00eda a acompa\u00f1ar a su hija a tomar el bus, se percat\u00f3 de un individuo en actitud sospechosa cerca de su edificio. Le grit\u00f3 a su esposo, quien ya iba a alcanzarla en aras de que mantuviera cerrado el acceso. Eso fue suficiente para que luego, al ir de compras, le saliera al paso esa misma persona acompa\u00f1ada ahora por otra, y lanzara amenazas al grado de mostrarle un arma blanca a la vez que entredientes, le dec\u00eda: \u201c\u00a1P\u00e1rate! \u00a1P\u00e1rate!\u201d al igual que le ordenaba al otro: \u201c\u00a1No la dejes ir!\u201d<\/p>\n<p dir=\"ltr\">La vecina tuvo que socorrerse con unos empleados de Parques y Jardines que se encontraban en ese momento en labores de limpieza, quienes al ver lo que ocurr\u00eda, llamaron al 911, mientras los tipos se perd\u00edan entre los pasillos de los edificios.<\/p>\n<p dir=\"ltr\">Los d\u00edas posteriores, fueron una pesadilla para mi vecina que ve\u00eda en las personas, a sus acosadores. Ayer le pregunt\u00e9 c\u00f3mo segu\u00eda: \u201cMejor\u2026 mejor\u2026\u201d fue su respuesta.<\/p>\n<p dir=\"ltr\">La delincuencia en Jardines de Xalapa va creciendo\u2026 del robo de zapatos, tenis, ropa, se pas\u00f3 a los cristalazos, al robo de llantas, al portazo de carros y ahora, al asalto con cuchillo en mano\u2026<\/p>\n<p dir=\"ltr\">Este lunes, reci\u00e9n la ma\u00f1ana, una joven fue asaltada con arma blanca cerca del m\u00f3dulo Nogal.<\/p>\n<p dir=\"ltr\">El m\u00f3dulo Nogal es el \u00faltimo conjunto de edificios para llegar a la avenida L\u00e1zaro C\u00e1rdenas\u2026 el m\u00f3dulo Nogal es el conjunto de edificios que al menos, en los \u00faltimos sucesos, ha sido el lugar ideal para que se perpetren los atracos a transe\u00fantes, de preferencia mujeres.<\/p>\n<p dir=\"ltr\">Hay alarma de seguridad entre los vecinos\u2026 hay rondines de patrullas en Jardines de Xalapa\u2026 hay vecinos que, incluso, han instalado c\u00e1maras de vigilancia en aras de persuadir a los delincuentes\u2026 hay vecinas que se han armado de \u201cTasers\u201d (herramienta de car\u00e1cter disuasivo de descargas el\u00e9ctricas) que cuando se sienten amenazadas o ven a personas sospechosas, lo activan para mantener la distancia\u2026 y a\u00fan as\u00ed, la delincuencia no para\u2026<\/p>\n<p dir=\"ltr\">Los vecinos hablan de silbatos de emergencia\u2026 de pedir mayor vigilancia y rondines\u2026 integrar c\u00e1maras de vigilancia en la unidad\u2026 y hay tambi\u00e9n clamores de desesperaci\u00f3n: \u201cAgarrar a los delincuentes, amarrarlos y golpearlos\u201d&#8230;<\/p>\n<p dir=\"ltr\">Hace a\u00f1os me toc\u00f3 vivir un episodio as\u00ed, al pie de mi edificio, cuando unos vecinos sometieron a un par de delincuentes que intentaba abrir un carro\u2026 fueron golpeados\u2026 muy golpeados.<\/p>\n<p dir=\"ltr\">El problema de la delincuencia en Jardines de Xalapa es complejo\u2026 hasta el momento, s\u00f3lo han sido p\u00e9rdidas materiales, sustos, corajes, y con todo que patrullas municipales y de SSP hacen rondines\u2026 si bien, uno como vecino no desea una tragedia mayor en Jardines de Xalapa, igual rechaza la idea de que llegue el momento en que Fuente Ovejuna tenga que hacer justicia por s\u00ed ante la desesperaci\u00f3n, angustia\u00a0, zozobra que la delincuencia ha generado en el vecindario\u2026<\/p>\n","protected":false},"excerpt":{"rendered":"<p>Los Pol\u00edticos Salvador Mu\u00f1oz * La delincuencia en Jardines de Xalapa va creciendo\u2026 del robo de zapatos, tenis, ropa, se pas\u00f3 a los cristalazos, al robo de llantas, al portazo de carros y ahora, al asalto con cuchillo en mano\u2026 Paso por el parque de donde vivo y veo a empleados de Alumbrado P\u00fablico trabajando [&hellip;]<\/p>\n","protected":false},"author":2476,"featured_media":387,"comment_status":"open","ping_status":"open","sticky":false,"template":"","format":"standard","meta":{"_jetpack_memberships_contains_paid_content":false,"footnotes":""},"categories":[11],"tags":[],"class_list":["post-64128","post","type-post","status-publish","format-standard","has-post-thumbnail","hentry","category-opinion"],"jetpack_featured_media_url":"https:\/\/encuentroinformativo.com.mx\/wp-content\/uploads\/2020\/03\/7CF8A22B-2764-47BE-8F7F-38FE9E5D6A2F.jpeg","jetpack_sharing_enabled":true,"jetpack_likes_enabled":true,"amp_enabled":true,"_links":{"self":[{"href":"https:\/\/encuentroinformativo.com.mx\/index.php?rest_route=\/wp\/v2\/posts\/64128","targetHints":{"allow":["GET"]}}],"collection":[{"href":"https:\/\/encuentroinformativo.com.mx\/index.php?rest_route=\/wp\/v2\/posts"}],"about":[{"href":"https:\/\/encuentroinformativo.com.mx\/index.php?rest_route=\/wp\/v2\/types\/post"}],"author":[{"embeddable":true,"href":"https:\/\/encuentroinformativo.com.mx\/index.php?rest_route=\/wp\/v2\/users\/2476"}],"replies":[{"embeddable":true,"href":"https:\/\/encuentroinformativo.com.mx\/index.php?rest_route=%2Fwp%2Fv2%2Fcomments&post=64128"}],"version-history":[{"count":1,"href":"https:\/\/encuentroinformativo.com.mx\/index.php?rest_route=\/wp\/v2\/posts\/64128\/revisions"}],"predecessor-version":[{"id":64129,"href":"https:\/\/encuentroinformativo.com.mx\/index.php?rest_route=\/wp\/v2\/posts\/64128\/revisions\/64129"}],"wp:featuredmedia":[{"embeddable":true,"href":"https:\/\/encuentroinformativo.com.mx\/index.php?rest_route=\/wp\/v2\/media\/387"}],"wp:attachment":[{"href":"https:\/\/encuentroinformativo.com.mx\/index.php?rest_route=%2Fwp%2Fv2%2Fmedia&parent=64128"}],"wp:term":[{"taxonomy":"category","embeddable":true,"href":"https:\/\/encuentroinformativo.com.mx\/index.php?rest_route=%2Fwp%2Fv2%2Fcategories&post=64128"},{"taxonomy":"post_tag","embeddable":true,"href":"https:\/\/encuentroinformativo.com.mx\/index.php?rest_route=%2Fwp%2Fv2%2Ftags&post=64128"}],"curies":[{"name":"wp","href":"https:\/\/api.w.org\/{rel}","templated":true}]}}