{"id":64130,"date":"2025-02-25T10:20:19","date_gmt":"2025-02-25T16:20:19","guid":{"rendered":"https:\/\/encuentroinformativo.com.mx\/?p=64130"},"modified":"2025-02-25T10:20:19","modified_gmt":"2025-02-25T16:20:19","slug":"veracruz-debe-imponer-presencia-en-tianguis-turistico-cometur","status":"publish","type":"post","link":"https:\/\/encuentroinformativo.com.mx\/?p=64130","title":{"rendered":"Veracruz debe imponer presencia en Tianguis Tur\u00edstico: COMETUR\u00a0"},"content":{"rendered":"<p><strong style=\"font-size: 1rem;\">Alejandro \u00c1vila<\/strong><\/p>\n<p>Veracruz, Ver.- Si Veracruz no tiene una presencia importante en el pr\u00f3ximo Tianguis Tur\u00edstico que se realizar\u00e1 del 28 de abril al 1 de mayo del 2025 en Baja California, de nada servir\u00e1 el viaje a la Feria Internacional de Turismo (FITUR) de Madrid, asegur\u00f3 el presidente del Consejo Metropolitano de Turismo (COMETUR), Sergio Lois Heredia.<\/p>\n<p>El empresario hotelero destac\u00f3 la participaci\u00f3n de Veracruz en la FITUR de Madrid este 2025, pues las activaciones de los Voladores de Papantla en la Plaza Mayor y el resto de sus propuestas fueron imponentes e impactantes, teniendo finalmente verdadera presencia, concretando un viaje con propuestas claras.<\/p>\n<p>&#8220;Creo que esos esfuerzos, los esfuerzos que se hayan hecho a principio de a\u00f1o en lo que fue la FITUR de Madrid, los acuerdos que se hayan iniciado all\u00e1, deber\u00edan de tener un seguimiento deber\u00edan de tener una continuidad con una muy buena presencia en lo que es el Tianguis Tur\u00edstico, Veracruz hace mucho tiempo que no tiene una presencia adecuada en lo que es el Tianguis Tur\u00edstico, yo creo que f\u00e1cil tenemos unos 10 a\u00f1os de no tener una buena presencia aqu\u00ed mientras que otros destinos tur\u00edsticos s\u00ed lo tienen&#8221;, asest\u00f3.<\/p>\n<p>En ese sentido, dijo que se debe aprovechar la disposici\u00f3n que hay de la gobernadora, Roc\u00edo Nahle Garc\u00eda, para promocionar a la entidad veracruzana en cuestiones tur\u00edsticas, ya que el Tianguis Tur\u00edstico que este a\u00f1o se realizar\u00e1 en Baja California, es el evento internacional m\u00e1s importante de M\u00e9xico para los prestadores de servicio y, es precisamente ah\u00ed donde se le pudiera dar seguimiento a los acuerdos que se iniciaron en Madrid.<\/p>\n<p>&#8220;Si logramos hacer eso, creo que Veracruz s\u00ed podr\u00eda ponerse de moda como por ah\u00ed dicen, creo que s\u00ed podr\u00edamos empezar a estar teniendo una mayor afluencia tur\u00edstica para el segundo semestre de este a\u00f1o, porque estas cosas por incre\u00edble que parezcan se ven inmediatamente (&#8230;) lo de Madrid s\u00ed va a tomar m\u00e1s tiempo que traiga gente desde Espa\u00f1a para ac\u00e1, en espec\u00edfico los esfuerzos de los Tianguis Tur\u00edsticos s\u00ed pueden tener efectos casi inmediatos efectos que se puedan ver este a\u00f1o. Qu\u00e9 se tiene que puntualizar, n\u00famero uno, una buena presencia, porque Veracruz no ha tenido buena presencia en los Tianguis Tur\u00edsticos ya tiene muchos a\u00f1os, creo que se debe de contar con un buen stand, con un stand bien ubicado para que todos esos compradores mayoristas que van estas ferias, que se dedican a mover grupos de turistas a nivel internacional, puedan ver Veracruz y si les interesa ir a tener citas a Veracruz&#8221;, subray\u00f3.<\/p>\n<p>Finalmente, se\u00f1al\u00f3 que espera que en este 2025 en el Tianguis Tur\u00edstico, Veracruz pueda tener una presencia competitiva contra destinos tur\u00edsticos como Quintana Roo, Puebla, Michoac\u00e1n y Guanajuato.<\/p>\n<p>&#8220;En el Tianguis Tur\u00edstico mexicano teniendo una buena presencia, seguramente podemos empezar a ver cristalizarse negocios desde este a\u00f1o&#8221;, culmin\u00f3.<\/p>\n","protected":false},"excerpt":{"rendered":"<p>Alejandro \u00c1vila Veracruz, Ver.- Si Veracruz no tiene una presencia importante en el pr\u00f3ximo Tianguis Tur\u00edstico que se realizar\u00e1 del 28 de abril al 1 de mayo del 2025 en Baja California, de nada servir\u00e1 el viaje a la Feria Internacional de Turismo (FITUR) de Madrid, asegur\u00f3 el presidente del Consejo Metropolitano de Turismo (COMETUR), [&hellip;]<\/p>\n","protected":false},"author":2476,"featured_media":64131,"comment_status":"open","ping_status":"open","sticky":false,"template":"","format":"standard","meta":{"_jetpack_memberships_contains_paid_content":false,"footnotes":""},"categories":[2],"tags":[],"class_list":["post-64130","post","type-post","status-publish","format-standard","has-post-thumbnail","hentry","category-estado"],"jetpack_featured_media_url":"https:\/\/encuentroinformativo.com.mx\/wp-content\/uploads\/2025\/02\/IMG-20250225-WA0038.jpg","jetpack_sharing_enabled":true,"jetpack_likes_enabled":true,"amp_enabled":true,"_links":{"self":[{"href":"https:\/\/encuentroinformativo.com.mx\/index.php?rest_route=\/wp\/v2\/posts\/64130","targetHints":{"allow":["GET"]}}],"collection":[{"href":"https:\/\/encuentroinformativo.com.mx\/index.php?rest_route=\/wp\/v2\/posts"}],"about":[{"href":"https:\/\/encuentroinformativo.com.mx\/index.php?rest_route=\/wp\/v2\/types\/post"}],"author":[{"embeddable":true,"href":"https:\/\/encuentroinformativo.com.mx\/index.php?rest_route=\/wp\/v2\/users\/2476"}],"replies":[{"embeddable":true,"href":"https:\/\/encuentroinformativo.com.mx\/index.php?rest_route=%2Fwp%2Fv2%2Fcomments&post=64130"}],"version-history":[{"count":1,"href":"https:\/\/encuentroinformativo.com.mx\/index.php?rest_route=\/wp\/v2\/posts\/64130\/revisions"}],"predecessor-version":[{"id":64132,"href":"https:\/\/encuentroinformativo.com.mx\/index.php?rest_route=\/wp\/v2\/posts\/64130\/revisions\/64132"}],"wp:featuredmedia":[{"embeddable":true,"href":"https:\/\/encuentroinformativo.com.mx\/index.php?rest_route=\/wp\/v2\/media\/64131"}],"wp:attachment":[{"href":"https:\/\/encuentroinformativo.com.mx\/index.php?rest_route=%2Fwp%2Fv2%2Fmedia&parent=64130"}],"wp:term":[{"taxonomy":"category","embeddable":true,"href":"https:\/\/encuentroinformativo.com.mx\/index.php?rest_route=%2Fwp%2Fv2%2Fcategories&post=64130"},{"taxonomy":"post_tag","embeddable":true,"href":"https:\/\/encuentroinformativo.com.mx\/index.php?rest_route=%2Fwp%2Fv2%2Ftags&post=64130"}],"curies":[{"name":"wp","href":"https:\/\/api.w.org\/{rel}","templated":true}]}}