{"id":64137,"date":"2025-02-25T11:03:07","date_gmt":"2025-02-25T17:03:07","guid":{"rendered":"https:\/\/encuentroinformativo.com.mx\/?p=64137"},"modified":"2025-02-25T11:03:07","modified_gmt":"2025-02-25T17:03:07","slug":"fans-impacientes-ante-regreso-de-camila-a-veracruz","status":"publish","type":"post","link":"https:\/\/encuentroinformativo.com.mx\/?p=64137","title":{"rendered":"Fans impacientes ante regreso de Camila a Veracruz"},"content":{"rendered":"<p><strong style=\"font-size: 1rem;\">Alejandro \u00c1vila<\/strong><\/p>\n<p>Veracruz, Ver.- A trav\u00e9s de redes sociales los fans de la agrupaci\u00f3n Camila han demostrado su impaciencia por el concierto del pr\u00f3ximo 25 de abril, donde la agrupaci\u00f3n cantar\u00e1 sus grandes \u00e9xitos en Veracruz.<\/p>\n<p>&#8220;Regresa Tour&#8221; de CAMILA llegar\u00e1 al auditorio Benito Ju\u00e1rez el pr\u00f3ximo viernes 25 de abril a las 21:00 horas, fecha en que Mario Domm, Pablo Hurtado y Samo cantar\u00e1n con sus fans los m\u00e1s grandes \u00e9xitos que por 20 a\u00f1os los han mantenido como los consentidos.<\/p>\n<p>Con 20 a\u00f1os de trayectoria, CAMILA ha dejado una huella imborrable en la escena musical con canciones como &#8220;Todo cambi\u00f3&#8221;, &#8220;Mientes&#8221;, &#8220;B\u00e9same&#8221;, \u201cColeccionista de canciones\u201d y &#8220;Al\u00e9jate de m\u00ed&#8221;, las cuales se han convertido en la banda sonora de millones de historias de amor y desamor.<\/p>\n<p>Mario Domm, Pablo Hurtado y Samo han comentado sobre su pr\u00f3xima presentaci\u00f3n en Veracruz: \u201cEstamos muy emocionados de volver a los escenarios los tres juntos y de compartir con todos los veracruzanos nuestra m\u00fasica\u201d.<\/p>\n<p>Con &#8220;Regresa Tour&#8221;, CAMILA reafirma su posici\u00f3n como uno de los grupos m\u00e1s ic\u00f3nicos del pop latino y promete ofrecer una experiencia inolvidable a todos sus seguidores, los accesos est\u00e1n disponibles en la plataforma de s\u00faper boleto.<\/p>\n","protected":false},"excerpt":{"rendered":"<p>Alejandro \u00c1vila Veracruz, Ver.- A trav\u00e9s de redes sociales los fans de la agrupaci\u00f3n Camila han demostrado su impaciencia por el concierto del pr\u00f3ximo 25 de abril, donde la agrupaci\u00f3n cantar\u00e1 sus grandes \u00e9xitos en Veracruz. &#8220;Regresa Tour&#8221; de CAMILA llegar\u00e1 al auditorio Benito Ju\u00e1rez el pr\u00f3ximo viernes 25 de abril a las 21:00 horas, [&hellip;]<\/p>\n","protected":false},"author":2476,"featured_media":64138,"comment_status":"open","ping_status":"open","sticky":false,"template":"","format":"standard","meta":{"_jetpack_memberships_contains_paid_content":false,"footnotes":""},"categories":[2],"tags":[],"class_list":["post-64137","post","type-post","status-publish","format-standard","has-post-thumbnail","hentry","category-estado"],"jetpack_featured_media_url":"https:\/\/encuentroinformativo.com.mx\/wp-content\/uploads\/2025\/02\/IMG-20250225-WA0067.jpg","jetpack_sharing_enabled":true,"jetpack_likes_enabled":true,"amp_enabled":true,"_links":{"self":[{"href":"https:\/\/encuentroinformativo.com.mx\/index.php?rest_route=\/wp\/v2\/posts\/64137","targetHints":{"allow":["GET"]}}],"collection":[{"href":"https:\/\/encuentroinformativo.com.mx\/index.php?rest_route=\/wp\/v2\/posts"}],"about":[{"href":"https:\/\/encuentroinformativo.com.mx\/index.php?rest_route=\/wp\/v2\/types\/post"}],"author":[{"embeddable":true,"href":"https:\/\/encuentroinformativo.com.mx\/index.php?rest_route=\/wp\/v2\/users\/2476"}],"replies":[{"embeddable":true,"href":"https:\/\/encuentroinformativo.com.mx\/index.php?rest_route=%2Fwp%2Fv2%2Fcomments&post=64137"}],"version-history":[{"count":1,"href":"https:\/\/encuentroinformativo.com.mx\/index.php?rest_route=\/wp\/v2\/posts\/64137\/revisions"}],"predecessor-version":[{"id":64139,"href":"https:\/\/encuentroinformativo.com.mx\/index.php?rest_route=\/wp\/v2\/posts\/64137\/revisions\/64139"}],"wp:featuredmedia":[{"embeddable":true,"href":"https:\/\/encuentroinformativo.com.mx\/index.php?rest_route=\/wp\/v2\/media\/64138"}],"wp:attachment":[{"href":"https:\/\/encuentroinformativo.com.mx\/index.php?rest_route=%2Fwp%2Fv2%2Fmedia&parent=64137"}],"wp:term":[{"taxonomy":"category","embeddable":true,"href":"https:\/\/encuentroinformativo.com.mx\/index.php?rest_route=%2Fwp%2Fv2%2Fcategories&post=64137"},{"taxonomy":"post_tag","embeddable":true,"href":"https:\/\/encuentroinformativo.com.mx\/index.php?rest_route=%2Fwp%2Fv2%2Ftags&post=64137"}],"curies":[{"name":"wp","href":"https:\/\/api.w.org\/{rel}","templated":true}]}}