{"id":6414,"date":"2020-10-01T17:04:51","date_gmt":"2020-10-01T22:04:51","guid":{"rendered":"https:\/\/encuentroinformativo.com.mx\/?p=6414"},"modified":"2020-10-01T17:04:53","modified_gmt":"2020-10-01T22:04:53","slug":"juez-libera-a-ex-policias-acusados-de-desaparicion-no-hay-justicia-reclama-madre-afectada","status":"publish","type":"post","link":"https:\/\/encuentroinformativo.com.mx\/?p=6414","title":{"rendered":"Juez libera a ex polic\u00edas acusados de desaparici\u00f3n; no hay justicia reclama madre afectada"},"content":{"rendered":"\n<p><strong>Dar\u00edo Pale <\/strong><\/p>\n\n\n\n<p>Xalapa, Ver.- La se\u00f1ora Mar\u00eda de Jes\u00fas  L\u00f3pez dio a conocer que se encuentra molesta ya que el d\u00eda de ayer fueron liberados dos polic\u00edas los cuales est\u00e1n implicados en la desaparici\u00f3n de su hijo por parte del juez Francisco Hern\u00e1ndez Lima, por lo cual est\u00e1n analizando interponer denuncias.<\/p>\n\n\n\n<p>En conferencia de prensa realizada en conocido caf\u00e9 del centro de Xalapa, dio a conocer que est\u00e1n ante un hecho de desaparici\u00f3n forzada del cual apenas la ONU ha otorgado a M\u00e9xico en cumplimiento para que se haga y se respete este delito por lo que no sabe d\u00f3nde est\u00e1 esa justicia.<\/p>\n\n\n\n<p>Se\u00f1al\u00f3 que en Veracruz hay una total impunidad ya que la Fiscal\u00eda General del Estado ha hecho y desecho desde la pasada administraci\u00f3n y ahora en esta nueva fiscal sigue siendo lo mismo.<\/p>\n\n\n\n<p>Los hecho se registraron el d\u00eda 15 de septiembre del 2015 donde lograron la detenci\u00f3n de estas personas el 21 de septiembre del 2017 y ya hab\u00edan sido vinculadas por desaparici\u00f3n forzada, por lo que les extra\u00f1a que el d\u00eda de ayer dejaran libres dos personas y anteriormente ya hab\u00edan liberado a otra por la jueza Aleyda.<\/p>\n\n\n\n<p>Acus\u00f3 que es demasiada la impunidad que hay en el estado de Veracruz y es importante que la sociedad se entere que no se est\u00e1n haciendo bien las cosas como ellos dicen ya que no hay justicia ya que despu\u00e9s de cinco a\u00f1os busc\u00e1ndola a\u00fan no la encuentran.<\/p>\n\n\n\n<p>Inform\u00f3 que hab\u00eda pl\u00e1ticas para que se diera una disculpa p\u00fablica pero despu\u00e9s de estos hechos se\u00f1al\u00f3 que es posible que no se de a menos que hagan la reparaci\u00f3n del da\u00f1o que cometieron.<\/p>\n\n\n\n<p>Finalmente el abogado Celestino Espinosa Rivera dio a conocer que van a presentar una apelaci\u00f3n y est\u00e1n valorando presentar denuncias y quejas ante el consejo de la judicatura del estado ya que el juez decidi\u00f3 que se les otorgar\u00e1 la libertad porque la fiscal\u00eda no logr\u00f3 acreditar con datos de prueba que los polic\u00edas hab\u00edan sido omisos en dar a conocer a sus superiores de sus acciones, lo cual es il\u00f3gico.\u00a0<\/p>\n","protected":false},"excerpt":{"rendered":"<p>Dar\u00edo Pale Xalapa, Ver.- La se\u00f1ora Mar\u00eda de Jes\u00fas L\u00f3pez dio a conocer que se encuentra molesta ya que el d\u00eda de ayer fueron liberados dos polic\u00edas los cuales est\u00e1n implicados en la desaparici\u00f3n de su hijo por parte del juez Francisco Hern\u00e1ndez Lima, por lo cual est\u00e1n analizando interponer denuncias. En conferencia de prensa [&hellip;]<\/p>\n","protected":false},"author":1,"featured_media":4991,"comment_status":"open","ping_status":"open","sticky":false,"template":"","format":"standard","meta":{"_jetpack_memberships_contains_paid_content":false,"footnotes":""},"categories":[3],"tags":[],"class_list":["post-6414","post","type-post","status-publish","format-standard","has-post-thumbnail","hentry","category-xalapa"],"jetpack_featured_media_url":"https:\/\/encuentroinformativo.com.mx\/wp-content\/uploads\/2020\/08\/3886EA4E-5EED-4398-841D-DDB66A3BB930.jpeg","jetpack_sharing_enabled":true,"jetpack_likes_enabled":true,"amp_enabled":true,"_links":{"self":[{"href":"https:\/\/encuentroinformativo.com.mx\/index.php?rest_route=\/wp\/v2\/posts\/6414","targetHints":{"allow":["GET"]}}],"collection":[{"href":"https:\/\/encuentroinformativo.com.mx\/index.php?rest_route=\/wp\/v2\/posts"}],"about":[{"href":"https:\/\/encuentroinformativo.com.mx\/index.php?rest_route=\/wp\/v2\/types\/post"}],"author":[{"embeddable":true,"href":"https:\/\/encuentroinformativo.com.mx\/index.php?rest_route=\/wp\/v2\/users\/1"}],"replies":[{"embeddable":true,"href":"https:\/\/encuentroinformativo.com.mx\/index.php?rest_route=%2Fwp%2Fv2%2Fcomments&post=6414"}],"version-history":[{"count":1,"href":"https:\/\/encuentroinformativo.com.mx\/index.php?rest_route=\/wp\/v2\/posts\/6414\/revisions"}],"predecessor-version":[{"id":6415,"href":"https:\/\/encuentroinformativo.com.mx\/index.php?rest_route=\/wp\/v2\/posts\/6414\/revisions\/6415"}],"wp:featuredmedia":[{"embeddable":true,"href":"https:\/\/encuentroinformativo.com.mx\/index.php?rest_route=\/wp\/v2\/media\/4991"}],"wp:attachment":[{"href":"https:\/\/encuentroinformativo.com.mx\/index.php?rest_route=%2Fwp%2Fv2%2Fmedia&parent=6414"}],"wp:term":[{"taxonomy":"category","embeddable":true,"href":"https:\/\/encuentroinformativo.com.mx\/index.php?rest_route=%2Fwp%2Fv2%2Fcategories&post=6414"},{"taxonomy":"post_tag","embeddable":true,"href":"https:\/\/encuentroinformativo.com.mx\/index.php?rest_route=%2Fwp%2Fv2%2Ftags&post=6414"}],"curies":[{"name":"wp","href":"https:\/\/api.w.org\/{rel}","templated":true}]}}