{"id":64143,"date":"2025-02-25T11:41:35","date_gmt":"2025-02-25T17:41:35","guid":{"rendered":"https:\/\/encuentroinformativo.com.mx\/?p=64143"},"modified":"2025-02-25T11:41:35","modified_gmt":"2025-02-25T17:41:35","slug":"prioridad-armonizar-ley-de-derechos-de-ninas-y-ninos-diputada","status":"publish","type":"post","link":"https:\/\/encuentroinformativo.com.mx\/?p=64143","title":{"rendered":"Prioridad armonizar Ley de Derechos de Ni\u00f1as y Ni\u00f1os: Diputada\u00a0"},"content":{"rendered":"<p><strong style=\"font-size: 1rem;\">Alejandro \u00c1vila<\/strong><\/p>\n<p>Veracruz, Ver.- Como una prioridad catalog\u00f3 la diputada local, Elizabeth Morales Garc\u00eda, que en el Congreso de Veracruz se armonice la Ley General de los Derechos de las Ni\u00f1as, Ni\u00f1os y Adolescentes.<\/p>\n<p>Tras reunirse con la Secretaria Ejecutiva del Sistema Nacional de Protecci\u00f3n de Ni\u00f1as, Ni\u00f1os y Adolescentes (SIPINNA) en Veracruz, Mercy Esther P\u00e9rez Ar\u00e9valo, acordaron trabajar de manera conjunta para que organismos e instituciones puedan poner a Veracruz a la vanguardia en la materia.<\/p>\n<p>La legisladora y tambi\u00e9n Secretaria de la Comisi\u00f3n de Derechos de la Ni\u00f1ez, la Adolescencia y la Familia en el Congreso Local manifest\u00f3 que adem\u00e1s de la armonizaci\u00f3n con la Ley General, urge la difusi\u00f3n de la misma y llevar a cabo acciones que permitan garantizar el desarrollo del menor, con un enfoque integral y con perspectiva de derechos humanos.<\/p>\n<p>&#8220;En esta primera reuni\u00f3n que tuvimos con la titular de SIPINNA, hablamos sobre importantes y fundamentales reformas a la ley en materia de ni\u00f1as, ni\u00f1os y adolescentes, por lo que acordamos llevar el mensaje a instituciones y organismos con el fin de aplicar dicha Ley&#8221;, expres\u00f3.<\/p>\n<p>Cabe destacar que la Ley de los Derechos de Ni\u00f1as, Ni\u00f1as y Adolescentes se consolid\u00f3 en el 2014 e incluye el derecho a la vida, a la supervivencia al desarrollo, a la identidad, a vivir en familia, a la igualdad sustantiva, a la no discriminaci\u00f3n y vivir en condiciones de bienestar.<\/p>\n<p>Finalmente Morales Garc\u00eda, reiter\u00f3 que como Secretaria de la Comisi\u00f3n de Derechos de la Ni\u00f1ez, estar\u00e1 pendiente de los organismos encargados de aplicar la Ley que protege a las infancias, lo hagan debidamente actuando conforme a la Ley.<\/p>\n","protected":false},"excerpt":{"rendered":"<p>Alejandro \u00c1vila Veracruz, Ver.- Como una prioridad catalog\u00f3 la diputada local, Elizabeth Morales Garc\u00eda, que en el Congreso de Veracruz se armonice la Ley General de los Derechos de las Ni\u00f1as, Ni\u00f1os y Adolescentes. Tras reunirse con la Secretaria Ejecutiva del Sistema Nacional de Protecci\u00f3n de Ni\u00f1as, Ni\u00f1os y Adolescentes (SIPINNA) en Veracruz, Mercy Esther [&hellip;]<\/p>\n","protected":false},"author":2476,"featured_media":64144,"comment_status":"open","ping_status":"open","sticky":false,"template":"","format":"standard","meta":{"_jetpack_memberships_contains_paid_content":false,"footnotes":""},"categories":[2],"tags":[],"class_list":["post-64143","post","type-post","status-publish","format-standard","has-post-thumbnail","hentry","category-estado"],"jetpack_featured_media_url":"https:\/\/encuentroinformativo.com.mx\/wp-content\/uploads\/2025\/02\/IMG-20250225-WA00582.jpg","jetpack_sharing_enabled":true,"jetpack_likes_enabled":true,"amp_enabled":true,"_links":{"self":[{"href":"https:\/\/encuentroinformativo.com.mx\/index.php?rest_route=\/wp\/v2\/posts\/64143","targetHints":{"allow":["GET"]}}],"collection":[{"href":"https:\/\/encuentroinformativo.com.mx\/index.php?rest_route=\/wp\/v2\/posts"}],"about":[{"href":"https:\/\/encuentroinformativo.com.mx\/index.php?rest_route=\/wp\/v2\/types\/post"}],"author":[{"embeddable":true,"href":"https:\/\/encuentroinformativo.com.mx\/index.php?rest_route=\/wp\/v2\/users\/2476"}],"replies":[{"embeddable":true,"href":"https:\/\/encuentroinformativo.com.mx\/index.php?rest_route=%2Fwp%2Fv2%2Fcomments&post=64143"}],"version-history":[{"count":1,"href":"https:\/\/encuentroinformativo.com.mx\/index.php?rest_route=\/wp\/v2\/posts\/64143\/revisions"}],"predecessor-version":[{"id":64146,"href":"https:\/\/encuentroinformativo.com.mx\/index.php?rest_route=\/wp\/v2\/posts\/64143\/revisions\/64146"}],"wp:featuredmedia":[{"embeddable":true,"href":"https:\/\/encuentroinformativo.com.mx\/index.php?rest_route=\/wp\/v2\/media\/64144"}],"wp:attachment":[{"href":"https:\/\/encuentroinformativo.com.mx\/index.php?rest_route=%2Fwp%2Fv2%2Fmedia&parent=64143"}],"wp:term":[{"taxonomy":"category","embeddable":true,"href":"https:\/\/encuentroinformativo.com.mx\/index.php?rest_route=%2Fwp%2Fv2%2Fcategories&post=64143"},{"taxonomy":"post_tag","embeddable":true,"href":"https:\/\/encuentroinformativo.com.mx\/index.php?rest_route=%2Fwp%2Fv2%2Ftags&post=64143"}],"curies":[{"name":"wp","href":"https:\/\/api.w.org\/{rel}","templated":true}]}}