{"id":64176,"date":"2025-02-26T09:41:24","date_gmt":"2025-02-26T15:41:24","guid":{"rendered":"https:\/\/encuentroinformativo.com.mx\/?p=64176"},"modified":"2025-02-26T09:41:24","modified_gmt":"2025-02-26T15:41:24","slug":"no-va-chiquiyunes","status":"publish","type":"post","link":"https:\/\/encuentroinformativo.com.mx\/?p=64176","title":{"rendered":"NO VA CHIQUIYUNES"},"content":{"rendered":"<p>Los Pol\u00edticos<\/p>\n<p>Salvador Mu\u00f1oz<\/p>\n<p>Todo indica que la afiliaci\u00f3n del Senador Miguel \u00c1ngel Yunes M\u00e1rquez no pasar\u00e1 los filtros morenistas. Pero todo indica que seguir\u00e1 siendo presidente de la Comisi\u00f3n de Hacienda en el Senado. Y todo indica que antes de que termine este a\u00f1o, en una de \u00e9sas, a lo mejor sin tanto ruido, al final, sea un miembro distinguido del partido de la\u00a0 Cuarta Transformaci\u00f3n.<\/p>\n<p>Los mensajes que hay entorno a la negativa de afiliaci\u00f3n, como el que la misma gobernadora Roc\u00edo Nahle haya tenido que asumir el papel de \u201cCadenera\u201d para ver qui\u00e9n entra y qui\u00e9n no a su partido; que se haya originado un conflicto interno entre los morenistas que callan a favor de Chiquiyunes y los que gritan en contra de \u00e9l; que haya una campa\u00f1a negativa para los Yunes, tanto en Morena como Moreniento Ciudadano; que sea un tema de car\u00e1cter nacional y otras cositas, es exponer lo obvio\u2026<\/p>\n<p>Hay otros mensajes, como el que dio Ad\u00e1n Augusto L\u00f3pez Hern\u00e1ndez y Gerardo Fern\u00e1ndez Noro\u00f1a, quienes advirtieron que no importando el resultado de la Comisi\u00f3n de Honestidad y Justicia de su partido en torno a la afiliaci\u00f3n de su \u201centena\u2019o pol\u00edtico\u201d, Yunes M\u00e1rquez seguir\u00e1 perteneciendo a la bancada morenista del Senado. Es decir, ya se est\u00e1 anticipando para lo que viene.<br \/>\nSume el mensaje de Claudia Sheinbaum de hace un d\u00eda\u2026<\/p>\n<p>\u201cNosotros no establecemos relaciones de complicidad ni de contubernio con nadie. Defendemos un proyecto de naci\u00f3n honesto, honrado, que se sustenta en no mentir, no robar y no traicionar al pueblo de M\u00e9xico\u201d. S\u00ed, claro. Se refiere a otro tema, pero igual cabe para el asunto que platicamos.<\/p>\n<p>Otro mensaje sumamente relevante:<br \/>\nHay elecciones en Veracruz.<br \/>\nEn la clase pol\u00edtica y entre la raza involucrada en la grilla, el apellido Yunes est\u00e1 estigmatizado por una palabra: Traidor.<\/p>\n<p>En el PAN de Veracruz y el nacional, no lo quieren; en el PRI, tampoco; en Morena veracruzano, mucho menos\u2026 en Movimiento (casi Moreniento) Ciudadano, ya no lo quieren y eso que hace pocas elecciones le alzaron la mano.<\/p>\n<p>Si es cierta esa versi\u00f3n de que lleg\u00f3 a las manos del Comit\u00e9 Nacional de Morena una encuesta de c\u00f3mo perciben a los Yunes en Veracruz, as\u00ed de cu\u00e1l ser\u00eda la reacci\u00f3n del ciudadano y militante teniendo al senador Yunes en sus filas, y de nueva cuenta, con elecciones en puerta, los sue\u00f1os de ganar las joyas del panismo y pri\u00edsmo as\u00ed como las de los Yunes, se podr\u00edan venir abajo\u2026 si ya de por s\u00ed es complicado jugando las contras desde el Altiplano, por parte de Ad\u00e1n Augusto y aqu\u00ed, con Manuel Huerta\u2026 No conviene, al menos a Morena Veracruz en estos momentos, la afiliaci\u00f3n de Yunes M\u00e1rquez a Morena\u2026 resta, no suma; no multiplica, divide\u2026<\/p>\n<p>Agregue a todo esto la campa\u00f1a medi\u00e1tica que Moreniento Ciudadano inici\u00f3 contra los Yunes\u2026 What? Al igual que Morena Veracruz, los naranjas asumieron como enemigo particular a los Yunes\u2026 ya no al PAN, ya no al PRI, ya no a los morenos y a los aliados\u2026 personificaron a su adversario pol\u00edtico. \u00bfRecuerdan esa historia? La misma que aplic\u00f3 Javier Duarte de Ochoa, como si Fidel Herrera se la hubiera \u201cheredado\u201d&#8230;<\/p>\n<p>Cuitl\u00e1huac Garc\u00eda igual asumi\u00f3 ese \u201cenemigo p\u00fablico\u201d en su momento\u2026 en el caso de Roc\u00edo Nahle es diferente: fueron los Yunes los que la hicieron su enemiga\u2026 \u00bfpero Movimiento Ciudadano? Uno pudiera pensar que hay inter\u00e9s en querer ganarles Veracruz y Boca del R\u00edo\u2026 pero la campa\u00f1a anti-Yunes es de car\u00e1cter nacional, a tal grado que este lunes, el dirigente estatal, Luis Carbonell de la Hoz, sali\u00f3 ya de plano a desenterrar el hacha contra quienes fueron sus aliados hace unas pocas elecciones\u2026<\/p>\n<p>Todos estos ingredientes adem\u00e1s de los obvios, hacen que la afiliaci\u00f3n de Chiquiyunes a Morena, solamente se postergue\u2026 pasadas las elecciones? para fin de a\u00f1o? sin tanto ruido? Sepa! Pero m\u00e1s tarde que temprano es seguro que veamos a Yunes M\u00e1rquez en casaca guinda\u2026 si no, al tiempo.<\/p>\n","protected":false},"excerpt":{"rendered":"<p>Los Pol\u00edticos Salvador Mu\u00f1oz Todo indica que la afiliaci\u00f3n del Senador Miguel \u00c1ngel Yunes M\u00e1rquez no pasar\u00e1 los filtros morenistas. Pero todo indica que seguir\u00e1 siendo presidente de la Comisi\u00f3n de Hacienda en el Senado. Y todo indica que antes de que termine este a\u00f1o, en una de \u00e9sas, a lo mejor sin tanto ruido, [&hellip;]<\/p>\n","protected":false},"author":2476,"featured_media":387,"comment_status":"open","ping_status":"open","sticky":false,"template":"","format":"standard","meta":{"_jetpack_memberships_contains_paid_content":false,"footnotes":""},"categories":[11],"tags":[],"class_list":["post-64176","post","type-post","status-publish","format-standard","has-post-thumbnail","hentry","category-opinion"],"jetpack_featured_media_url":"https:\/\/encuentroinformativo.com.mx\/wp-content\/uploads\/2020\/03\/7CF8A22B-2764-47BE-8F7F-38FE9E5D6A2F.jpeg","jetpack_sharing_enabled":true,"jetpack_likes_enabled":true,"amp_enabled":true,"_links":{"self":[{"href":"https:\/\/encuentroinformativo.com.mx\/index.php?rest_route=\/wp\/v2\/posts\/64176","targetHints":{"allow":["GET"]}}],"collection":[{"href":"https:\/\/encuentroinformativo.com.mx\/index.php?rest_route=\/wp\/v2\/posts"}],"about":[{"href":"https:\/\/encuentroinformativo.com.mx\/index.php?rest_route=\/wp\/v2\/types\/post"}],"author":[{"embeddable":true,"href":"https:\/\/encuentroinformativo.com.mx\/index.php?rest_route=\/wp\/v2\/users\/2476"}],"replies":[{"embeddable":true,"href":"https:\/\/encuentroinformativo.com.mx\/index.php?rest_route=%2Fwp%2Fv2%2Fcomments&post=64176"}],"version-history":[{"count":1,"href":"https:\/\/encuentroinformativo.com.mx\/index.php?rest_route=\/wp\/v2\/posts\/64176\/revisions"}],"predecessor-version":[{"id":64177,"href":"https:\/\/encuentroinformativo.com.mx\/index.php?rest_route=\/wp\/v2\/posts\/64176\/revisions\/64177"}],"wp:featuredmedia":[{"embeddable":true,"href":"https:\/\/encuentroinformativo.com.mx\/index.php?rest_route=\/wp\/v2\/media\/387"}],"wp:attachment":[{"href":"https:\/\/encuentroinformativo.com.mx\/index.php?rest_route=%2Fwp%2Fv2%2Fmedia&parent=64176"}],"wp:term":[{"taxonomy":"category","embeddable":true,"href":"https:\/\/encuentroinformativo.com.mx\/index.php?rest_route=%2Fwp%2Fv2%2Fcategories&post=64176"},{"taxonomy":"post_tag","embeddable":true,"href":"https:\/\/encuentroinformativo.com.mx\/index.php?rest_route=%2Fwp%2Fv2%2Ftags&post=64176"}],"curies":[{"name":"wp","href":"https:\/\/api.w.org\/{rel}","templated":true}]}}