{"id":6419,"date":"2020-10-01T19:12:28","date_gmt":"2020-10-02T00:12:28","guid":{"rendered":"https:\/\/encuentroinformativo.com.mx\/?p=6419"},"modified":"2020-10-01T19:12:31","modified_gmt":"2020-10-02T00:12:31","slug":"se-incendio-camioneta-en-gasolinera-de-tlalixcoyan","status":"publish","type":"post","link":"https:\/\/encuentroinformativo.com.mx\/?p=6419","title":{"rendered":"Se incendi\u00f3 camioneta en gasolinera de Tlalixcoyan"},"content":{"rendered":"\n<p><strong>Juan Arcos<\/strong><\/p>\n\n\n\n<p>Xalapa, Ve._ Una camioneta particular se incendi\u00f3 mientras cargaba combustible en una gasolinera de Petr\u00f3leos Mexicanos (PEMEX), en el municipio de Tlalixcoyan, en la regi\u00f3n del Sotavento de Veracruz.\u00a0<\/p>\n\n\n\n<p>Los hechos ocurrieron despu\u00e9s de las 15:00 horas de este jueves 1 de octubre, a la altura de la carretera Tlalixcoyan-Piedras Negras, en la zona sur de la entidad.<\/p>\n\n\n\n<p>El siniestro ocurri\u00f3 por un posible cortocircuito en el autom\u00f3vil, provocando que las llamas alcanzar\u00e1n a una de las bombas de gasolina.<\/p>\n\n\n\n<p>El personal de la gasolinera 7126 realiz\u00f3 el paro de emergencia y se llevaron a cabo la acciones para apagar el fuego.<\/p>\n\n\n\n<p>La camioneta es propiedad de una mujer proveniente del municipio de Ignacio de la llave, quien afortunadamente no sufri\u00f3 lesiones.<\/p>\n\n\n\n<p>Solo se reportan da\u00f1os materiales, pues las llamas consumieron gran parte del veh\u00edculo y de la bomba de combustible.<\/p>\n\n\n\n<p>Al lugar arribaron bomberos de PEMEX, con sede en la localidad El Callej\u00f3n, para continuar a los trabajos en la mitigaci\u00f3n del fuego.<\/p>\n\n\n\n<p>La Secretar\u00eda de Protecci\u00f3n Civil, a cargo de Guadalupe Osorno Maldonado, report\u00f3 que el incendio fue liquidado.<\/p>\n\n\n\n<p>El incidente fue atendido por Protecci\u00f3n Civil municipal, bomberos voluntarios de Tlalixcoyan y la brigada contra incendios de PEMEX.<\/p>\n","protected":false},"excerpt":{"rendered":"<p>Juan Arcos Xalapa, Ve._ Una camioneta particular se incendi\u00f3 mientras cargaba combustible en una gasolinera de Petr\u00f3leos Mexicanos (PEMEX), en el municipio de Tlalixcoyan, en la regi\u00f3n del Sotavento de Veracruz.\u00a0 Los hechos ocurrieron despu\u00e9s de las 15:00 horas de este jueves 1 de octubre, a la altura de la carretera Tlalixcoyan-Piedras Negras, en la [&hellip;]<\/p>\n","protected":false},"author":1,"featured_media":6420,"comment_status":"open","ping_status":"open","sticky":false,"template":"","format":"standard","meta":{"_jetpack_memberships_contains_paid_content":false,"footnotes":""},"categories":[14],"tags":[],"class_list":["post-6419","post","type-post","status-publish","format-standard","has-post-thumbnail","hentry","category-policiaca"],"jetpack_featured_media_url":"https:\/\/encuentroinformativo.com.mx\/wp-content\/uploads\/2020\/10\/169F4896-3A03-413E-BF5F-5263C9374555.jpeg","jetpack_sharing_enabled":true,"jetpack_likes_enabled":true,"amp_enabled":true,"_links":{"self":[{"href":"https:\/\/encuentroinformativo.com.mx\/index.php?rest_route=\/wp\/v2\/posts\/6419","targetHints":{"allow":["GET"]}}],"collection":[{"href":"https:\/\/encuentroinformativo.com.mx\/index.php?rest_route=\/wp\/v2\/posts"}],"about":[{"href":"https:\/\/encuentroinformativo.com.mx\/index.php?rest_route=\/wp\/v2\/types\/post"}],"author":[{"embeddable":true,"href":"https:\/\/encuentroinformativo.com.mx\/index.php?rest_route=\/wp\/v2\/users\/1"}],"replies":[{"embeddable":true,"href":"https:\/\/encuentroinformativo.com.mx\/index.php?rest_route=%2Fwp%2Fv2%2Fcomments&post=6419"}],"version-history":[{"count":1,"href":"https:\/\/encuentroinformativo.com.mx\/index.php?rest_route=\/wp\/v2\/posts\/6419\/revisions"}],"predecessor-version":[{"id":6421,"href":"https:\/\/encuentroinformativo.com.mx\/index.php?rest_route=\/wp\/v2\/posts\/6419\/revisions\/6421"}],"wp:featuredmedia":[{"embeddable":true,"href":"https:\/\/encuentroinformativo.com.mx\/index.php?rest_route=\/wp\/v2\/media\/6420"}],"wp:attachment":[{"href":"https:\/\/encuentroinformativo.com.mx\/index.php?rest_route=%2Fwp%2Fv2%2Fmedia&parent=6419"}],"wp:term":[{"taxonomy":"category","embeddable":true,"href":"https:\/\/encuentroinformativo.com.mx\/index.php?rest_route=%2Fwp%2Fv2%2Fcategories&post=6419"},{"taxonomy":"post_tag","embeddable":true,"href":"https:\/\/encuentroinformativo.com.mx\/index.php?rest_route=%2Fwp%2Fv2%2Ftags&post=6419"}],"curies":[{"name":"wp","href":"https:\/\/api.w.org\/{rel}","templated":true}]}}