{"id":64190,"date":"2025-02-26T14:54:24","date_gmt":"2025-02-26T20:54:24","guid":{"rendered":"https:\/\/encuentroinformativo.com.mx\/?p=64190"},"modified":"2025-02-26T14:54:24","modified_gmt":"2025-02-26T20:54:24","slug":"se-atendera-en-sesion-extraordinaria-renuncia-de-cabildo-de-texistepec","status":"publish","type":"post","link":"https:\/\/encuentroinformativo.com.mx\/?p=64190","title":{"rendered":"Se atender\u00e1 en sesi\u00f3n extraordinaria, renuncia de Cabildo de Texistepec"},"content":{"rendered":"<p><strong><span style=\"font-size: 1rem;\">Dar\u00edo Pale<\/span><\/strong><\/p>\n<p>Xalapa, Ver.- A sesi\u00f3n extraordinaria el caso del ayuntamiento de Texistepec, esto luego de la renuncia del cabildo, as\u00ed lo dio a conocer la presidenta de la mesa directiva del congreso del estado, Tanya Carola Viveros Ch\u00e1zaro.<\/p>\n<p>En entrevista, reconoci\u00f3 que aunque se ten\u00eda previsto que al tema se le diera salida la semana pasada, no hubo condiciones, pues al tratarse de una situaci\u00f3n que nunca hab\u00eda ocurrido, estaban haciendo la revisi\u00f3n legal para no cometer algu\u0301n error, luego de la renuncia de casi todo el cabildo.<\/p>\n<p>\u201cYo les dije que la semana pasada, pero no estuvimos en condiciones, se quisieron analizar varias posibilidades porque es algo que no hab\u00eda ocurrido en estas condiciones y tambi\u00e9n porque no quer\u00edamos que hubiera error y tambi\u00e9n quer\u00edamos escuchar como a las otras partes, las que no hab\u00edan renunciado\u201d, se\u00f1al\u00f3.<\/p>\n<p>inform\u00f3 que este jueves se convocar\u00e1 a una sesi\u00f3n extraordinaria para atender el caso del ayuntamiento de Texistepec, donde los integrantes del cabildo renunciaron.<\/p>\n<p>&#8220;Este jueves hay sesi\u00f3n y vamos, entre puntos, a convocar a una sesi\u00f3n extraordinaria para atender el caso de Texistepec&#8221;, inform\u00f3.<\/p>\n<p>La legisladora morenista aclar\u00f3 que ma\u00f1ana jueves se convoc\u00f3 a la sesi\u00f3n de la Diputaci\u00f3n Permanente, para posteriormente citar a los diputados locales a una sesi\u00f3n extraordinaria.<\/p>\n<p>Precis\u00f3 que el alcalde Victor Manuel S\u00e1nchez Florentino, dijo que contin\u00faa trabajando pese a las renuncias, sin embargo, al faltarle casi todo su cabildo, ya no hay ayuntamiento.<\/p>\n<p>Es de recordar que el pasado 06 de febrero, se dio a conocer la renuncia de casi todos los miembros del Cabildo, con el argumento de \u201ctemas personales\u201d, se fue la sindica y dos regidores, dejando solo al alcalde.<\/p>\n<p>En ese tenor, la diputada local de MORENA, no descart\u00f3 que el tema pueda ser pol\u00edtico.<\/p>\n<p>\u201cEn mi opini\u00f3n, pues es un movimiento, ah\u00ed pol\u00edtico que utiliza las herramientas legales. A nosotros lo que nos toca es revisar las herramientas legales y asegurar que no cometamos alguna cuesti\u00f3n il\u00edcita\u201d, coment\u00f3.<\/p>\n<p>En otro orden de ideas Viveros Chazaro, calific\u00f3 como &#8220;puro chisme&#8221; el supuesto proceso de desafuero del diputado panista Fernando Yunes M\u00e1rquez, que se dio a conocer en algunos medios de comunicaci\u00f3n.<\/p>\n<p>Es de recordar que en pasados d\u00edas a trav\u00e9s de notas circul\u00f3 la informaci\u00f3n sobre una supuesta solicitud de desafuero que se hizo en el Congreso local, rumor que fue desmentido por la Diputada Presidenta.<\/p>\n<p>En ese sentido explic\u00f3 que este tipo de rumores se dan debido a que en la agenda p\u00fablica el tema de la familia Yunes reson\u00f3 por la solicitud de afiliaci\u00f3n que hizo Miguel \u00c1ngel Yunes M\u00e1rquez al partido de MORENA.<\/p>\n<p>\u201cYo creo que fue puro chisme es que como est\u00e1 el tema \u00e1lgido de los Yunes y esta posible integraci\u00f3n, que ojal\u00e1 sea imposible, pues ya todo empieza a revolotearse tal tema , pero hasta ahora no lo hay.&#8221;<\/p>\n<p>La diputada Tanya Carola Viveros, dijo que la \u00fanica posible salida de diputados locales del Congreso se puede dar debido al proceso electoral en donde algunos de ellos pidan licencia para poder hacer campa\u00f1a.<\/p>\n<p>En ese sentido, dio a conocer que cuatro diputados de MORENA que podr\u00edan pedir licencia m\u00e1s la diputada por el PAN Indira Rosales San Rom\u00e1n quien se inscribi\u00f3 a la precandidatura por el municipio de Veracruz.<\/p>\n<p>Finalmente dijo que, \u201clos diputados tendr\u00edan que estar pidiendo licencia no todav\u00eda. Mira yo estuve haciendo mis cuentas y luego me enter\u00e9 que son m\u00e1s porque no todo mundo lo public\u00f3, pero en posibilidades reales pensar\u00eda que no son tantos, como tres o cuatro, no lo s\u00e9&#8221;.<\/p>\n","protected":false},"excerpt":{"rendered":"<p>Dar\u00edo Pale Xalapa, Ver.- A sesi\u00f3n extraordinaria el caso del ayuntamiento de Texistepec, esto luego de la renuncia del cabildo, as\u00ed lo dio a conocer la presidenta de la mesa directiva del congreso del estado, Tanya Carola Viveros Ch\u00e1zaro. En entrevista, reconoci\u00f3 que aunque se ten\u00eda previsto que al tema se le diera salida la [&hellip;]<\/p>\n","protected":false},"author":2476,"featured_media":64191,"comment_status":"open","ping_status":"open","sticky":false,"template":"","format":"standard","meta":{"_jetpack_memberships_contains_paid_content":false,"footnotes":""},"categories":[2],"tags":[],"class_list":["post-64190","post","type-post","status-publish","format-standard","has-post-thumbnail","hentry","category-estado"],"jetpack_featured_media_url":"https:\/\/encuentroinformativo.com.mx\/wp-content\/uploads\/2025\/02\/IMG-20250226-WA0173.jpg","jetpack_sharing_enabled":true,"jetpack_likes_enabled":true,"amp_enabled":true,"_links":{"self":[{"href":"https:\/\/encuentroinformativo.com.mx\/index.php?rest_route=\/wp\/v2\/posts\/64190","targetHints":{"allow":["GET"]}}],"collection":[{"href":"https:\/\/encuentroinformativo.com.mx\/index.php?rest_route=\/wp\/v2\/posts"}],"about":[{"href":"https:\/\/encuentroinformativo.com.mx\/index.php?rest_route=\/wp\/v2\/types\/post"}],"author":[{"embeddable":true,"href":"https:\/\/encuentroinformativo.com.mx\/index.php?rest_route=\/wp\/v2\/users\/2476"}],"replies":[{"embeddable":true,"href":"https:\/\/encuentroinformativo.com.mx\/index.php?rest_route=%2Fwp%2Fv2%2Fcomments&post=64190"}],"version-history":[{"count":1,"href":"https:\/\/encuentroinformativo.com.mx\/index.php?rest_route=\/wp\/v2\/posts\/64190\/revisions"}],"predecessor-version":[{"id":64192,"href":"https:\/\/encuentroinformativo.com.mx\/index.php?rest_route=\/wp\/v2\/posts\/64190\/revisions\/64192"}],"wp:featuredmedia":[{"embeddable":true,"href":"https:\/\/encuentroinformativo.com.mx\/index.php?rest_route=\/wp\/v2\/media\/64191"}],"wp:attachment":[{"href":"https:\/\/encuentroinformativo.com.mx\/index.php?rest_route=%2Fwp%2Fv2%2Fmedia&parent=64190"}],"wp:term":[{"taxonomy":"category","embeddable":true,"href":"https:\/\/encuentroinformativo.com.mx\/index.php?rest_route=%2Fwp%2Fv2%2Fcategories&post=64190"},{"taxonomy":"post_tag","embeddable":true,"href":"https:\/\/encuentroinformativo.com.mx\/index.php?rest_route=%2Fwp%2Fv2%2Ftags&post=64190"}],"curies":[{"name":"wp","href":"https:\/\/api.w.org\/{rel}","templated":true}]}}