{"id":64199,"date":"2025-02-26T16:45:01","date_gmt":"2025-02-26T22:45:01","guid":{"rendered":"https:\/\/encuentroinformativo.com.mx\/?p=64199"},"modified":"2025-02-26T16:45:01","modified_gmt":"2025-02-26T22:45:01","slug":"iniciaran-pagos-a-extrabajadores-de-la-policia-intermunicipal","status":"publish","type":"post","link":"https:\/\/encuentroinformativo.com.mx\/?p=64199","title":{"rendered":"Iniciar\u00e1n pagos a extrabajadores de la Polic\u00eda Intermunicipal"},"content":{"rendered":"<p><strong style=\"font-size: 1rem;\">Dar\u00edo Pale<\/strong><\/p>\n<p>Xalapa, Ver.- El representante legal de los extrabajadores de la extinta PIPTC, \u00d3scar Ader Ju\u00e1rez T\u00e9llez, expuso que la pr\u00f3xima semana, el 7 de marzo, regresar\u00e1n para ver a qui\u00e9nes de los 57 les pagar\u00e1n, ya que el secretario de gobierno Ricardo Ahued Bardahuil les dio su palabra.<\/p>\n<p>En conferencia de prensa el abogado refiri\u00f3 que los extrabajadores de la SSP llevan seis a\u00f1os en la lucha legal, pero m\u00e1s de 10 desde que se hicieron los cheques y se cobraron al falsificar las firmas.<\/p>\n<p>Ju\u00e1rez T\u00e9llez mencion\u00f3 que en todos estos a\u00f1os han muerto 45 de los expolic\u00edas quienes esperaron que fueran liquidados conforme a Derecho.<\/p>\n<p>Actualmente de los que quedan con vida, el 70 por ciento ya forman parte de la tercera edad, as\u00ed como muchos con enfermedades cr\u00f3nico &#8211; degenerativas.<\/p>\n<p>Afortunadamente despu\u00e9s de 10 a\u00f1os, por fin les pagar\u00e1n a expolic\u00edas de la Intermunicipal Poza Rica, esto gracias a que el secretario de Gobierno Ricardo Ahued Bardahuil, defini\u00f3 que se comenzar\u00e1 a pagar a los expolic\u00edas de la extinta Polic\u00eda Intermunicipal Poza Rica- Tihuatl\u00e1n-Coatzintla.<\/p>\n<p>Primero se har\u00e1 el pago a 57 de los 170 que presentaron denuncias por el fraude cometido en su contra, as\u00ed mismo para que conozcan el monto que se les pagar\u00e1, con base en lo que autorice la gobernadora Roc\u00edo Nahle Garc\u00eda, toda vez que el pago lo har\u00e1 la Sefiplan.<\/p>\n<p>Explic\u00f3 que el recurso tendr\u00e1 que estar etiquetado, ya que el fraude se consider\u00f3 un da\u00f1o patrimonial para el Estado.<\/p>\n<p>Los extrabajadores conf\u00edan en que el secretario de Gobierno les ayude para que todos puedan recibir sus pagos conforme a los a\u00f1os laborados.<\/p>\n<p>Puntualiz\u00f3 que se le dar\u00e1 prioridad a las viudas y a los enfermos para que se les pague primero.<\/p>\n<p>Aclar\u00f3 que tras el acuerdo ya no estar\u00e1n viniendo todos los extrabajadores, solamente una comisi\u00f3n para reunirse con las autoridades estatales.<\/p>\n<p>Finalmente coment\u00f3, &#8220;que ellos avancen lo que tengan que avanzar, nosotros vamos a traer una lista&#8221;.<\/p>\n","protected":false},"excerpt":{"rendered":"<p>Dar\u00edo Pale Xalapa, Ver.- El representante legal de los extrabajadores de la extinta PIPTC, \u00d3scar Ader Ju\u00e1rez T\u00e9llez, expuso que la pr\u00f3xima semana, el 7 de marzo, regresar\u00e1n para ver a qui\u00e9nes de los 57 les pagar\u00e1n, ya que el secretario de gobierno Ricardo Ahued Bardahuil les dio su palabra. En conferencia de prensa el [&hellip;]<\/p>\n","protected":false},"author":2476,"featured_media":64200,"comment_status":"open","ping_status":"open","sticky":false,"template":"","format":"standard","meta":{"_jetpack_memberships_contains_paid_content":false,"footnotes":""},"categories":[2],"tags":[],"class_list":["post-64199","post","type-post","status-publish","format-standard","has-post-thumbnail","hentry","category-estado"],"jetpack_featured_media_url":"https:\/\/encuentroinformativo.com.mx\/wp-content\/uploads\/2025\/02\/IMG-20250226-WA0171.jpg","jetpack_sharing_enabled":true,"jetpack_likes_enabled":true,"amp_enabled":true,"_links":{"self":[{"href":"https:\/\/encuentroinformativo.com.mx\/index.php?rest_route=\/wp\/v2\/posts\/64199","targetHints":{"allow":["GET"]}}],"collection":[{"href":"https:\/\/encuentroinformativo.com.mx\/index.php?rest_route=\/wp\/v2\/posts"}],"about":[{"href":"https:\/\/encuentroinformativo.com.mx\/index.php?rest_route=\/wp\/v2\/types\/post"}],"author":[{"embeddable":true,"href":"https:\/\/encuentroinformativo.com.mx\/index.php?rest_route=\/wp\/v2\/users\/2476"}],"replies":[{"embeddable":true,"href":"https:\/\/encuentroinformativo.com.mx\/index.php?rest_route=%2Fwp%2Fv2%2Fcomments&post=64199"}],"version-history":[{"count":1,"href":"https:\/\/encuentroinformativo.com.mx\/index.php?rest_route=\/wp\/v2\/posts\/64199\/revisions"}],"predecessor-version":[{"id":64201,"href":"https:\/\/encuentroinformativo.com.mx\/index.php?rest_route=\/wp\/v2\/posts\/64199\/revisions\/64201"}],"wp:featuredmedia":[{"embeddable":true,"href":"https:\/\/encuentroinformativo.com.mx\/index.php?rest_route=\/wp\/v2\/media\/64200"}],"wp:attachment":[{"href":"https:\/\/encuentroinformativo.com.mx\/index.php?rest_route=%2Fwp%2Fv2%2Fmedia&parent=64199"}],"wp:term":[{"taxonomy":"category","embeddable":true,"href":"https:\/\/encuentroinformativo.com.mx\/index.php?rest_route=%2Fwp%2Fv2%2Fcategories&post=64199"},{"taxonomy":"post_tag","embeddable":true,"href":"https:\/\/encuentroinformativo.com.mx\/index.php?rest_route=%2Fwp%2Fv2%2Ftags&post=64199"}],"curies":[{"name":"wp","href":"https:\/\/api.w.org\/{rel}","templated":true}]}}