{"id":64210,"date":"2025-02-27T17:28:57","date_gmt":"2025-02-27T23:28:57","guid":{"rendered":"https:\/\/encuentroinformativo.com.mx\/?p=64210"},"modified":"2025-02-27T17:28:57","modified_gmt":"2025-02-27T23:28:57","slug":"inauguran-en-el-congreso-del-estado-exposicion-de-dibujo","status":"publish","type":"post","link":"https:\/\/encuentroinformativo.com.mx\/?p=64210","title":{"rendered":"Inauguran en el Congreso del Estado exposici\u00f3n de dibujo"},"content":{"rendered":"<p><strong>* El diputado Jos\u00e9 Reveriano Mar\u00edn Hern\u00e1ndez felicita al grupo de alumnos del COBAEV 35, creadores de estas obras.<\/strong><\/p>\n<p style=\"font-weight: 400;\"><span style=\"font-size: 1rem;\">Xalapa, Ver.- En las instalaciones del Palacio Legislativo de Veracruz y con la presencia de los diputados Jos\u00e9 Reveriano Mar\u00edn Hern\u00e1ndez y Miguel Guillermo Pintos Guill\u00e9n, as\u00ed como de la diputada Janix Liliana Castro Mu\u00f1oz, se realiz\u00f3 la inauguraci\u00f3n de la exposici\u00f3n <\/span><em style=\"font-size: 1rem;\">Tarde de Quijotes y Caritas de Luna<\/em><span style=\"font-size: 1rem;\">, integrada por dibujos de alumnos de quinto semestre del Colegio de Bachilleres del Estado de Veracruz (COBAEV), n\u00famero 35.<\/span><\/p>\n<p style=\"font-weight: 400;\"><em>\u00a0<\/em><span style=\"font-size: 1rem;\">En la inauguraci\u00f3n y ante la presencia de la docente de Artes Pl\u00e1sticas de la citada instituci\u00f3n, Lorena Bonilla, el presidente de la Comisi\u00f3n Permanente de Educaci\u00f3n y Cultura del Congreso de Veracruz, diputado Jos\u00e9 Reveriano Mar\u00edn Hern\u00e1ndez, felicit\u00f3 a las y los j\u00f3venes por sus creaciones y extern\u00f3, \u201csu talento se expresa en estos dibujos y adem\u00e1s tiene otras implicaciones, toda vez que este arte los aleja de malas pr\u00e1cticas que est\u00e1n a la vuelta de la esquina\u201d.<\/span><\/p>\n<p style=\"font-weight: 400;\"><span style=\"font-size: 1rem;\">Tras desearles \u00e9xito en su desarrollo profesional, el legislador les reconoci\u00f3 su trabajo y confi\u00f3 en que consoliden su trabajo art\u00edstico en pr\u00f3ximos a\u00f1os, \u201clo que est\u00e1n haciendo es sumamente productivo, porque echan andar su imaginaci\u00f3n y lo\u00a0 expresan a trav\u00e9s de diferentes l\u00edneas; felicidades a ustedes, a sus maestros y familias\u201d.<\/span><\/p>\n<p style=\"font-weight: 400;\"><span style=\"font-size: 1rem;\">Se cont\u00f3 con la presencia de la titular de la Coordinaci\u00f3n de Archivo, Biblioteca y Hemeroteca, Ana Mar\u00eda Vallines C\u00e1sares; adem\u00e1s de los alumnos y autores de las obras, Abril Dom\u00ednguez, Diego M\u00e9ndez, Daniela Torres, M\u00eda Araujo, Miguel P\u00e9rez, Danna Reyes, Rebeca Fuente, Natalia Morales y Stefani Mart\u00ednez. Ameniz\u00f3 este evento el grupo Boleros COBAEV.<\/span><\/p>\n<p style=\"font-weight: 400;\"><span style=\"font-size: 1rem;\">La exposici\u00f3n est\u00e1 abierta al p\u00fablico en general, en horario de 09:00\u00a0 a 18:00 horas.<\/span><\/p>\n<p style=\"font-weight: 400;\">\n","protected":false},"excerpt":{"rendered":"<p>* El diputado Jos\u00e9 Reveriano Mar\u00edn Hern\u00e1ndez felicita al grupo de alumnos del COBAEV 35, creadores de estas obras. Xalapa, Ver.- En las instalaciones del Palacio Legislativo de Veracruz y con la presencia de los diputados Jos\u00e9 Reveriano Mar\u00edn Hern\u00e1ndez y Miguel Guillermo Pintos Guill\u00e9n, as\u00ed como de la diputada Janix Liliana Castro Mu\u00f1oz, se [&hellip;]<\/p>\n","protected":false},"author":2476,"featured_media":64211,"comment_status":"open","ping_status":"open","sticky":false,"template":"","format":"standard","meta":{"_jetpack_memberships_contains_paid_content":false,"footnotes":""},"categories":[2],"tags":[],"class_list":["post-64210","post","type-post","status-publish","format-standard","has-post-thumbnail","hentry","category-estado"],"jetpack_featured_media_url":"https:\/\/encuentroinformativo.com.mx\/wp-content\/uploads\/2025\/02\/27FEB2025SPO.1.jpeg","jetpack_sharing_enabled":true,"jetpack_likes_enabled":true,"amp_enabled":true,"_links":{"self":[{"href":"https:\/\/encuentroinformativo.com.mx\/index.php?rest_route=\/wp\/v2\/posts\/64210","targetHints":{"allow":["GET"]}}],"collection":[{"href":"https:\/\/encuentroinformativo.com.mx\/index.php?rest_route=\/wp\/v2\/posts"}],"about":[{"href":"https:\/\/encuentroinformativo.com.mx\/index.php?rest_route=\/wp\/v2\/types\/post"}],"author":[{"embeddable":true,"href":"https:\/\/encuentroinformativo.com.mx\/index.php?rest_route=\/wp\/v2\/users\/2476"}],"replies":[{"embeddable":true,"href":"https:\/\/encuentroinformativo.com.mx\/index.php?rest_route=%2Fwp%2Fv2%2Fcomments&post=64210"}],"version-history":[{"count":1,"href":"https:\/\/encuentroinformativo.com.mx\/index.php?rest_route=\/wp\/v2\/posts\/64210\/revisions"}],"predecessor-version":[{"id":64212,"href":"https:\/\/encuentroinformativo.com.mx\/index.php?rest_route=\/wp\/v2\/posts\/64210\/revisions\/64212"}],"wp:featuredmedia":[{"embeddable":true,"href":"https:\/\/encuentroinformativo.com.mx\/index.php?rest_route=\/wp\/v2\/media\/64211"}],"wp:attachment":[{"href":"https:\/\/encuentroinformativo.com.mx\/index.php?rest_route=%2Fwp%2Fv2%2Fmedia&parent=64210"}],"wp:term":[{"taxonomy":"category","embeddable":true,"href":"https:\/\/encuentroinformativo.com.mx\/index.php?rest_route=%2Fwp%2Fv2%2Fcategories&post=64210"},{"taxonomy":"post_tag","embeddable":true,"href":"https:\/\/encuentroinformativo.com.mx\/index.php?rest_route=%2Fwp%2Fv2%2Ftags&post=64210"}],"curies":[{"name":"wp","href":"https:\/\/api.w.org\/{rel}","templated":true}]}}