{"id":64213,"date":"2025-02-27T20:58:08","date_gmt":"2025-02-28T02:58:08","guid":{"rendered":"https:\/\/encuentroinformativo.com.mx\/?p=64213"},"modified":"2025-02-27T20:58:08","modified_gmt":"2025-02-28T02:58:08","slug":"veracruz-ya-tiene-mister-model-2025","status":"publish","type":"post","link":"https:\/\/encuentroinformativo.com.mx\/?p=64213","title":{"rendered":"Veracruz ya tiene Mister Model 2025"},"content":{"rendered":"<p><strong style=\"font-size: 1rem;\">Alejandro \u00c1vila<\/strong><\/p>\n<p>Veracruz, Ver.- Con 21 a\u00f1os de edad y una estatura de 1.86 m, Guillermo naci\u00f3 el 26 de septiembre de 2003 en Veracruz y ha demostrado ser un joven multifac\u00e9tico.<\/p>\n<p>Actualmente, cursa el sexto semestre de la carrera de Nutrici\u00f3n, al mismo tiempo que se desempe\u00f1a como masajista deportivo y entrenador de artes marciales y entrenamiento funcional. Su pasi\u00f3n por las artes marciales ha sido una constante en su vida, fusionando disciplina, fuerza y determinaci\u00f3n en cada aspecto de su desarrollo personal y profesional.<\/p>\n<p>No es ajeno a los cert\u00e1menes de modelaje, ya que en 2024 fue Mr. Teen Veracruz, marcando el inicio de una carrera ascendente en esta industria. Ahora, con el t\u00edtulo de Mr. Model Veracruz 2025, se prepara para representar al estado con orgullo y compromiso en la competencia nacional.<\/p>\n<p>Asimismo, este a\u00f1o marca una nueva etapa para la organizaci\u00f3n con la llegada de Roberto (Beto) Santa Rosa Solana como nuevo Director Estatal de Mr. Model Veracruz. Con su liderazgo y experiencia, se espera una renovaci\u00f3n y fortalecimiento del certamen, brindando mayores oportunidades a los j\u00f3venes veracruzanos que buscan destacar en el mundo del modelaje.<\/p>\n<p>Guillermo Inurreta Del Cueto inicia este nuevo reto con gran entusiasmo, dispuesto a ser un referente de disciplina, preparaci\u00f3n y excelencia.<\/p>\n","protected":false},"excerpt":{"rendered":"<p>Alejandro \u00c1vila Veracruz, Ver.- Con 21 a\u00f1os de edad y una estatura de 1.86 m, Guillermo naci\u00f3 el 26 de septiembre de 2003 en Veracruz y ha demostrado ser un joven multifac\u00e9tico. Actualmente, cursa el sexto semestre de la carrera de Nutrici\u00f3n, al mismo tiempo que se desempe\u00f1a como masajista deportivo y entrenador de artes [&hellip;]<\/p>\n","protected":false},"author":2476,"featured_media":64214,"comment_status":"open","ping_status":"open","sticky":false,"template":"","format":"standard","meta":{"_jetpack_memberships_contains_paid_content":false,"footnotes":""},"categories":[2],"tags":[],"class_list":["post-64213","post","type-post","status-publish","format-standard","has-post-thumbnail","hentry","category-estado"],"jetpack_featured_media_url":"https:\/\/encuentroinformativo.com.mx\/wp-content\/uploads\/2025\/02\/IMG-20250227-WA04132.jpg","jetpack_sharing_enabled":true,"jetpack_likes_enabled":true,"amp_enabled":true,"_links":{"self":[{"href":"https:\/\/encuentroinformativo.com.mx\/index.php?rest_route=\/wp\/v2\/posts\/64213","targetHints":{"allow":["GET"]}}],"collection":[{"href":"https:\/\/encuentroinformativo.com.mx\/index.php?rest_route=\/wp\/v2\/posts"}],"about":[{"href":"https:\/\/encuentroinformativo.com.mx\/index.php?rest_route=\/wp\/v2\/types\/post"}],"author":[{"embeddable":true,"href":"https:\/\/encuentroinformativo.com.mx\/index.php?rest_route=\/wp\/v2\/users\/2476"}],"replies":[{"embeddable":true,"href":"https:\/\/encuentroinformativo.com.mx\/index.php?rest_route=%2Fwp%2Fv2%2Fcomments&post=64213"}],"version-history":[{"count":1,"href":"https:\/\/encuentroinformativo.com.mx\/index.php?rest_route=\/wp\/v2\/posts\/64213\/revisions"}],"predecessor-version":[{"id":64215,"href":"https:\/\/encuentroinformativo.com.mx\/index.php?rest_route=\/wp\/v2\/posts\/64213\/revisions\/64215"}],"wp:featuredmedia":[{"embeddable":true,"href":"https:\/\/encuentroinformativo.com.mx\/index.php?rest_route=\/wp\/v2\/media\/64214"}],"wp:attachment":[{"href":"https:\/\/encuentroinformativo.com.mx\/index.php?rest_route=%2Fwp%2Fv2%2Fmedia&parent=64213"}],"wp:term":[{"taxonomy":"category","embeddable":true,"href":"https:\/\/encuentroinformativo.com.mx\/index.php?rest_route=%2Fwp%2Fv2%2Fcategories&post=64213"},{"taxonomy":"post_tag","embeddable":true,"href":"https:\/\/encuentroinformativo.com.mx\/index.php?rest_route=%2Fwp%2Fv2%2Ftags&post=64213"}],"curies":[{"name":"wp","href":"https:\/\/api.w.org\/{rel}","templated":true}]}}