{"id":64216,"date":"2025-02-27T11:29:49","date_gmt":"2025-02-27T17:29:49","guid":{"rendered":"https:\/\/encuentroinformativo.com.mx\/?p=64216"},"modified":"2025-02-27T21:31:12","modified_gmt":"2025-02-28T03:31:12","slug":"padres-reclaman-docentes-en-telesecundaria-de-tlaltetela","status":"publish","type":"post","link":"https:\/\/encuentroinformativo.com.mx\/?p=64216","title":{"rendered":"Padres reclaman docentes en telesecundaria de Tlaltetela"},"content":{"rendered":"<p><strong><span style=\"font-size: 1rem;\">Dar\u00edo Pale<\/span><\/strong><\/p>\n<p>Xalapa, Ver.- Por la falta de maestros en la Telesecundaria &#8220;Josefa Ort\u00edz de Dom\u00ednguez&#8221;, del municipio de Tlaltetela protestan padres de familia cerrando la carretera Xalapa-Huatusco, llevan 5 horas y contin\u00faan lo que ha ocasionado tr\u00e1fico vehicular.<\/p>\n<p>Debido a la falta de maestros en la Escuela Telesecundaria &#8220;Josefa Ort\u00edz de Dom\u00ednguez&#8221;, y cansados de esperar una respuesta de la Secretar\u00eda de Educaci\u00f3n de Veracruz (SEV), padres y madres de familia este d\u00eda tomaron la decisi\u00f3n de bloquear la carretera Xalapa-Huatusco.<\/p>\n<p>&#8220;Tenemos un a\u00f1o sin maestros en la Telesecundaria &#8220;Josefa Ort\u00edz de Dom\u00ednguez&#8221;, pero desde hace m\u00e1s de cinco a\u00f1os nos env\u00edan maestros s\u00f3lo por dos o tres meses. Lleg\u00f3 una autoridad de la SEV desde Coatepec, de nombre Silvia Ojeda, pero no resolvi\u00f3 nada, s\u00f3lo nos pide un oficio&#8221;, coment\u00f3.<\/p>\n<p>En ese sentido, cabe recordar que por la falta de maestros se ven afectados 120 alumnos, de dicho plantel.<\/p>\n<p>&#8220;Somos m\u00e1s de 130 madres y padres de familia que iniciamos este movimiento de toma de la carretera y la escuela. Nos vamos a mantener aqu\u00ed hasta que nos den una soluci\u00f3n&#8221;, acusaron los manifestantes.<\/p>\n<p>Por \u00faltimo cabe mencionar que en la Secretar\u00eda de Educaci\u00f3n el problema de bloqueo a esa dependencia crece al sumarse este d\u00eda el Sindicato Integrador Alternativo de la Educaci\u00f3n (SIATEM).<\/p>\n","protected":false},"excerpt":{"rendered":"<p>Dar\u00edo Pale Xalapa, Ver.- Por la falta de maestros en la Telesecundaria &#8220;Josefa Ort\u00edz de Dom\u00ednguez&#8221;, del municipio de Tlaltetela protestan padres de familia cerrando la carretera Xalapa-Huatusco, llevan 5 horas y contin\u00faan lo que ha ocasionado tr\u00e1fico vehicular. Debido a la falta de maestros en la Escuela Telesecundaria &#8220;Josefa Ort\u00edz de Dom\u00ednguez&#8221;, y cansados [&hellip;]<\/p>\n","protected":false},"author":2476,"featured_media":64217,"comment_status":"open","ping_status":"open","sticky":false,"template":"","format":"standard","meta":{"_jetpack_memberships_contains_paid_content":false,"footnotes":""},"categories":[8],"tags":[],"class_list":["post-64216","post","type-post","status-publish","format-standard","has-post-thumbnail","hentry","category-region"],"jetpack_featured_media_url":"https:\/\/encuentroinformativo.com.mx\/wp-content\/uploads\/2025\/02\/IMG-20250227-WA0200.jpg","jetpack_sharing_enabled":true,"jetpack_likes_enabled":true,"amp_enabled":true,"_links":{"self":[{"href":"https:\/\/encuentroinformativo.com.mx\/index.php?rest_route=\/wp\/v2\/posts\/64216","targetHints":{"allow":["GET"]}}],"collection":[{"href":"https:\/\/encuentroinformativo.com.mx\/index.php?rest_route=\/wp\/v2\/posts"}],"about":[{"href":"https:\/\/encuentroinformativo.com.mx\/index.php?rest_route=\/wp\/v2\/types\/post"}],"author":[{"embeddable":true,"href":"https:\/\/encuentroinformativo.com.mx\/index.php?rest_route=\/wp\/v2\/users\/2476"}],"replies":[{"embeddable":true,"href":"https:\/\/encuentroinformativo.com.mx\/index.php?rest_route=%2Fwp%2Fv2%2Fcomments&post=64216"}],"version-history":[{"count":1,"href":"https:\/\/encuentroinformativo.com.mx\/index.php?rest_route=\/wp\/v2\/posts\/64216\/revisions"}],"predecessor-version":[{"id":64218,"href":"https:\/\/encuentroinformativo.com.mx\/index.php?rest_route=\/wp\/v2\/posts\/64216\/revisions\/64218"}],"wp:featuredmedia":[{"embeddable":true,"href":"https:\/\/encuentroinformativo.com.mx\/index.php?rest_route=\/wp\/v2\/media\/64217"}],"wp:attachment":[{"href":"https:\/\/encuentroinformativo.com.mx\/index.php?rest_route=%2Fwp%2Fv2%2Fmedia&parent=64216"}],"wp:term":[{"taxonomy":"category","embeddable":true,"href":"https:\/\/encuentroinformativo.com.mx\/index.php?rest_route=%2Fwp%2Fv2%2Fcategories&post=64216"},{"taxonomy":"post_tag","embeddable":true,"href":"https:\/\/encuentroinformativo.com.mx\/index.php?rest_route=%2Fwp%2Fv2%2Ftags&post=64216"}],"curies":[{"name":"wp","href":"https:\/\/api.w.org\/{rel}","templated":true}]}}