{"id":6422,"date":"2020-10-01T20:38:55","date_gmt":"2020-10-02T01:38:55","guid":{"rendered":"https:\/\/encuentroinformativo.com.mx\/?p=6422"},"modified":"2020-10-01T20:38:58","modified_gmt":"2020-10-02T01:38:58","slug":"en-noviembre-cafeticultores-reanudaran-protestas","status":"publish","type":"post","link":"https:\/\/encuentroinformativo.com.mx\/?p=6422","title":{"rendered":"En noviembre, cafeticultores reanudar\u00e1n protestas"},"content":{"rendered":"\n<p><strong>Juan Arcos <\/strong><\/p>\n\n\n\n<p>Coatepec, Ver.- Cafeticultores de la regi\u00f3n de Coatepec reanudar\u00e1n las protestas en Xalapa en noviembre pr\u00f3ximo, debido al \u201ccastigo\u201d en los precios por parte de las comercializadoras transnacionales.<\/p>\n\n\n\n<p>De acuerdo con Cirilo Elotl\u00e1n D\u00edaz, secretario del Consejo Regional del Caf\u00e9 de Coatepec, para exportar un quintal de pergamino al extranjero se cobran 35 d\u00f3lares, es decir 770 pesos, a los productores.<\/p>\n\n\n\n<p>\u201cCuando, en primera instancia, no se exporta todo el caf\u00e9 que se cosecha en M\u00e9xico, se exporta el 50 por ciento, aproximadamente\u201d.<\/p>\n\n\n\n<p>El entrevistado indic\u00f3 que se estima que en esta cosecha 2020-2021 se producir\u00e1n 4.2 millones de sacos, de los cuales 2.1 millones se quedar\u00e1n para consumo interno.<\/p>\n\n\n\n<p>Cabe recordar que cada saco de pergamino tiene 57.5 kilogramos.<\/p>\n\n\n\n<p>\u201cSin embargo aqu\u00ed las comercializadoras aplican el gasto y el costo parejo. Entonces es pr\u00e1cticamente un robo por parte de las comercializadoras\u201d.<\/p>\n\n\n\n<p>Elotl\u00e1n D\u00edaz indic\u00f3 que si son exportados 2 millones 100 mil sacos, se cobran m\u00e1s de 1.5 millones de pesos a los productores de caf\u00e9.<\/p>\n\n\n\n<p>\u201cLos que roban son la Nestl\u00e9, por ejemplo, son los que se encargan de acabar con la cafeticultura en M\u00e9xico y no hay autoridad que regule este esquema de la comercializaci\u00f3n\u201d.<\/p>\n\n\n\n<p>En ese sentido, mencion\u00f3 que se tiene programada una movilizaci\u00f3n en Xalapa, a finales de noviembre, para la defensa de los precios del caf\u00e9. La fecha est\u00e1 por definirse.<\/p>\n","protected":false},"excerpt":{"rendered":"<p>Juan Arcos Coatepec, Ver.- Cafeticultores de la regi\u00f3n de Coatepec reanudar\u00e1n las protestas en Xalapa en noviembre pr\u00f3ximo, debido al \u201ccastigo\u201d en los precios por parte de las comercializadoras transnacionales. De acuerdo con Cirilo Elotl\u00e1n D\u00edaz, secretario del Consejo Regional del Caf\u00e9 de Coatepec, para exportar un quintal de pergamino al extranjero se cobran 35 [&hellip;]<\/p>\n","protected":false},"author":1,"featured_media":6423,"comment_status":"open","ping_status":"open","sticky":false,"template":"","format":"standard","meta":{"_jetpack_memberships_contains_paid_content":false,"footnotes":""},"categories":[8],"tags":[],"class_list":["post-6422","post","type-post","status-publish","format-standard","has-post-thumbnail","hentry","category-region"],"jetpack_featured_media_url":"https:\/\/encuentroinformativo.com.mx\/wp-content\/uploads\/2020\/10\/603FA28E-B0E9-41F2-BC28-03522AB4DAE7.jpeg","jetpack_sharing_enabled":true,"jetpack_likes_enabled":true,"amp_enabled":true,"_links":{"self":[{"href":"https:\/\/encuentroinformativo.com.mx\/index.php?rest_route=\/wp\/v2\/posts\/6422","targetHints":{"allow":["GET"]}}],"collection":[{"href":"https:\/\/encuentroinformativo.com.mx\/index.php?rest_route=\/wp\/v2\/posts"}],"about":[{"href":"https:\/\/encuentroinformativo.com.mx\/index.php?rest_route=\/wp\/v2\/types\/post"}],"author":[{"embeddable":true,"href":"https:\/\/encuentroinformativo.com.mx\/index.php?rest_route=\/wp\/v2\/users\/1"}],"replies":[{"embeddable":true,"href":"https:\/\/encuentroinformativo.com.mx\/index.php?rest_route=%2Fwp%2Fv2%2Fcomments&post=6422"}],"version-history":[{"count":1,"href":"https:\/\/encuentroinformativo.com.mx\/index.php?rest_route=\/wp\/v2\/posts\/6422\/revisions"}],"predecessor-version":[{"id":6424,"href":"https:\/\/encuentroinformativo.com.mx\/index.php?rest_route=\/wp\/v2\/posts\/6422\/revisions\/6424"}],"wp:featuredmedia":[{"embeddable":true,"href":"https:\/\/encuentroinformativo.com.mx\/index.php?rest_route=\/wp\/v2\/media\/6423"}],"wp:attachment":[{"href":"https:\/\/encuentroinformativo.com.mx\/index.php?rest_route=%2Fwp%2Fv2%2Fmedia&parent=6422"}],"wp:term":[{"taxonomy":"category","embeddable":true,"href":"https:\/\/encuentroinformativo.com.mx\/index.php?rest_route=%2Fwp%2Fv2%2Fcategories&post=6422"},{"taxonomy":"post_tag","embeddable":true,"href":"https:\/\/encuentroinformativo.com.mx\/index.php?rest_route=%2Fwp%2Fv2%2Ftags&post=6422"}],"curies":[{"name":"wp","href":"https:\/\/api.w.org\/{rel}","templated":true}]}}