{"id":64222,"date":"2025-02-27T23:09:18","date_gmt":"2025-02-28T05:09:18","guid":{"rendered":"https:\/\/encuentroinformativo.com.mx\/?p=64222"},"modified":"2025-02-27T23:09:18","modified_gmt":"2025-02-28T05:09:18","slug":"plantea-diputada-ajustar-legislacion-local-con-3-de-3-contra-la-violencia-de-genero","status":"publish","type":"post","link":"https:\/\/encuentroinformativo.com.mx\/?p=64222","title":{"rendered":"Plantea diputada ajustar legislaci\u00f3n local con \u201c3 de 3 contra la violencia de g\u00e9nero\u201d"},"content":{"rendered":"<p><strong>* Presenta Montserrat Ortega iniciativa que reforma la Constituci\u00f3n local para incluir como requisito indispensable para ocupar cargos el no ser violentador o deudor alimentario.<\/strong><\/p>\n<p style=\"font-weight: 400;\"><span style=\"font-size: 1rem;\">Xalapa, Ver.- La diputada Montserrat Ortega Ruiz present\u00f3 al Pleno de la Diputaci\u00f3n Permanente la iniciativa con proyecto de decreto que reforma y adiciona diversas disposiciones de la Constituci\u00f3n Pol\u00edtica del Estado de Veracruz, para armonizar la legislaci\u00f3n local con la reforma constitucional denominada \u201c3 de 3 contra la violencia de g\u00e9nero\u201d.<\/span><\/p>\n<p style=\"font-weight: 400;\"><span style=\"font-size: 1rem;\">De acuerdo con la propuesta de la diputada, se prev\u00e9 incluir en la Constituci\u00f3n local que ser\u00eda requisito indispensable para ser electas o designadas en puestos de gobernador o gobernadora, diputadas o diputados, ediles de ayuntamientos, del servicio en la administraci\u00f3n p\u00fablica, de los organismos aut\u00f3nomos y del Poder Judicial del Estado, el no haber cometido de manera intencional delitos contra la vida y la integridad corporal.<\/span><\/p>\n<p style=\"font-weight: 400;\"><span style=\"font-size: 1rem;\">Adem\u00e1s de delitos contra la libertad y seguridad sexuales y el normal desarrollo psicosexual; de violencia familiar, violaci\u00f3n a la intimidad sexual y violencia pol\u00edtica contra las mujeres en raz\u00f3n de g\u00e9nero y no sean o hayan sido personas deudoras alimentarias morosas.<\/span><\/p>\n<p style=\"font-weight: 400;\"><span style=\"font-size: 1rem;\">Tras manifestar que un violentador es un delincuente y que no debe premi\u00e1rseles con cargos, sino que debe sancion\u00e1rseles, la legisladora indic\u00f3 que la pol\u00edtica y el servicio p\u00fablico necesitan ser dignificados y regresarse a los est\u00e1ndares m\u00ednimos de \u00e9tica y moralidad como principios rectores de la conducta p\u00fablica.<\/span><\/p>\n<p style=\"font-weight: 400;\"><span style=\"font-size: 1rem;\">Agreg\u00f3 que la democracia exige servidoras y servidores p\u00fablicos honorables. \u201cQuienes nos gobiernan no s\u00f3lo deben contar con legitimidad pol\u00edtica, tambi\u00e9n deben contar con legitimidad moral\u201d, precis\u00f3.<\/span><\/p>\n<p style=\"font-weight: 400;\"><span style=\"font-size: 1rem;\">La iniciativa que reforma el tercer p\u00e1rrafo del Art\u00edculo 50; el \u00faltimo p\u00e1rrafo del Art\u00edculo 58; el vigesimosegundo p\u00e1rrafo del Art\u00edculo 62; el tercer p\u00e1rrafo del Art\u00edculo 67 y adiciona un tercer y cuarto p\u00e1rrafos y se recorren los subsecuentes, del art\u00edculo 18, de la Carta Magna estatal, fue turnada para su estudio y dictamen a la Comisi\u00f3n Permanente de Justicia y Puntos Constitucionales.<\/span><\/p>\n<p style=\"font-weight: 400;\"><span style=\"font-size: 1rem;\">Se adhirieron a la propuesta, las diputadas Ana Rosa Vald\u00e9s Salazar, Indira de Jes\u00fas Rosales San Rom\u00e1n y Mar\u00eda Elena C\u00f3rdova Molina y el diputado H\u00e9ctor Yunes Landa.<\/span><\/p>\n<p style=\"font-weight: 400;\">\n","protected":false},"excerpt":{"rendered":"<p>* Presenta Montserrat Ortega iniciativa que reforma la Constituci\u00f3n local para incluir como requisito indispensable para ocupar cargos el no ser violentador o deudor alimentario. Xalapa, Ver.- La diputada Montserrat Ortega Ruiz present\u00f3 al Pleno de la Diputaci\u00f3n Permanente la iniciativa con proyecto de decreto que reforma y adiciona diversas disposiciones de la Constituci\u00f3n Pol\u00edtica [&hellip;]<\/p>\n","protected":false},"author":2476,"featured_media":64223,"comment_status":"open","ping_status":"open","sticky":false,"template":"","format":"standard","meta":{"_jetpack_memberships_contains_paid_content":false,"footnotes":""},"categories":[2],"tags":[],"class_list":["post-64222","post","type-post","status-publish","format-standard","has-post-thumbnail","hentry","category-estado"],"jetpack_featured_media_url":"https:\/\/encuentroinformativo.com.mx\/wp-content\/uploads\/2025\/02\/NOV27FEB2025MONTSERRAT12.jpeg","jetpack_sharing_enabled":true,"jetpack_likes_enabled":true,"amp_enabled":true,"_links":{"self":[{"href":"https:\/\/encuentroinformativo.com.mx\/index.php?rest_route=\/wp\/v2\/posts\/64222","targetHints":{"allow":["GET"]}}],"collection":[{"href":"https:\/\/encuentroinformativo.com.mx\/index.php?rest_route=\/wp\/v2\/posts"}],"about":[{"href":"https:\/\/encuentroinformativo.com.mx\/index.php?rest_route=\/wp\/v2\/types\/post"}],"author":[{"embeddable":true,"href":"https:\/\/encuentroinformativo.com.mx\/index.php?rest_route=\/wp\/v2\/users\/2476"}],"replies":[{"embeddable":true,"href":"https:\/\/encuentroinformativo.com.mx\/index.php?rest_route=%2Fwp%2Fv2%2Fcomments&post=64222"}],"version-history":[{"count":1,"href":"https:\/\/encuentroinformativo.com.mx\/index.php?rest_route=\/wp\/v2\/posts\/64222\/revisions"}],"predecessor-version":[{"id":64224,"href":"https:\/\/encuentroinformativo.com.mx\/index.php?rest_route=\/wp\/v2\/posts\/64222\/revisions\/64224"}],"wp:featuredmedia":[{"embeddable":true,"href":"https:\/\/encuentroinformativo.com.mx\/index.php?rest_route=\/wp\/v2\/media\/64223"}],"wp:attachment":[{"href":"https:\/\/encuentroinformativo.com.mx\/index.php?rest_route=%2Fwp%2Fv2%2Fmedia&parent=64222"}],"wp:term":[{"taxonomy":"category","embeddable":true,"href":"https:\/\/encuentroinformativo.com.mx\/index.php?rest_route=%2Fwp%2Fv2%2Fcategories&post=64222"},{"taxonomy":"post_tag","embeddable":true,"href":"https:\/\/encuentroinformativo.com.mx\/index.php?rest_route=%2Fwp%2Fv2%2Ftags&post=64222"}],"curies":[{"name":"wp","href":"https:\/\/api.w.org\/{rel}","templated":true}]}}