{"id":64237,"date":"2025-02-27T23:40:40","date_gmt":"2025-02-28T05:40:40","guid":{"rendered":"https:\/\/encuentroinformativo.com.mx\/?p=64237"},"modified":"2025-02-27T23:40:40","modified_gmt":"2025-02-28T05:40:40","slug":"liberan-sindicatos-instalaciones-de-la-sev-atenderan-citatorio-del-teca","status":"publish","type":"post","link":"https:\/\/encuentroinformativo.com.mx\/?p=64237","title":{"rendered":"Liberan sindicatos instalaciones de la SEV, atender\u00e1n citatorio del TECA"},"content":{"rendered":"<p><strong style=\"font-size: 1rem;\">Dar\u00edo Pale<\/strong><\/p>\n<p>Xalapa, Ver.- Despu\u00e9s de 4 d\u00edas, sindicatos liberan la Secretar\u00eda de Educaci\u00f3n de Veracruz (SEV), el motivo es que atender\u00e1n un citatorio ante el Tribunal Estatal de Conciliaci\u00f3n y Arbitraje (TECA) para negociar las peticiones.<\/p>\n<p>La noche de este jueves la Uni\u00f3n de Sindicatos Magisteriales del Estado de Veracruz, en virtud de que este viernes las autoridades de la Secretar\u00eda de Educaci\u00f3n y los 8 o m\u00e1s sindicatos inconformes, tienen una cita conciliatoria en el Tribunal Estatal de Conciliaci\u00f3n y Arbitraje; los inconformes liberaron las oficinas centrales de la dependencia.<\/p>\n<p>De igual forma los maestros que mantuvieron el paro acudiran al Consejo T\u00e9cnico en sus escuelas este viernes, dijo Tonatiuh Paredes Rangel, secretario general del Sindicato Independiente de Regeneraci\u00f3n Nacional (SIRMA).<\/p>\n<p>&#8220;Este tema es cien por ciento laboral y creo que la voluntad debe de existir, as\u00ed como existe de nuestra parte, ahora vamos a hacerlo por la v\u00eda conciliatoria&#8221;, coment\u00f3.<\/p>\n<p>&#8220;Hemos tomado la decisi\u00f3n consensuada con los trabajadores, de tener una pausa en esta manifestaci\u00f3n pacifica que hemos llevado a cabo. Tenemos la confianza de que el d\u00eda de ma\u00f1ana vamos a platicar con la autoridad&#8221;, agreg\u00f3.<\/p>\n<p>Insisti\u00f3 que el motivo de la manifestaci\u00f3n y las demandas no fueron en reacci\u00f3n al programa Maestros al Aula implementado por la SEV y con el que el gobierno estatal pretende que los maestros comisionados regresen a dar clases.<\/p>\n<p>Expres\u00f3 que la manifestaci\u00f3n fue pac\u00edfica en todo momento, adem\u00e1s de que los docentes se fueron turnando para no dejar de laborar y tener problemas en sus centros de trabajo o sin descuidar los grupos.<\/p>\n<p>&#8220;El voto de confianza es para la conciliaci\u00f3n que se est\u00e1 cuidando a trav\u00e9s del TECA&#8221;, manifest\u00f3.<\/p>\n<p>El l\u00edder sindical acus\u00f3 que fueron intimidados a trav\u00e9s de los medios de comunicaci\u00f3n, adem\u00e1s de que hubo manipulaci\u00f3n a trav\u00e9s de \u00e9stos.<\/p>\n<p>Lo que provoc\u00f3 que otras organizaciones sindicales se sumaran a la protesta.<\/p>\n<p>Finalmente Paredes Rangel dijo que, &#8220;hoy nos retiramos porque adem\u00e1s ma\u00f1ana hay Consejo T\u00e9cnico con las escuelas a la que siempre asisten todos los trabajadores de Educaci\u00f3n B\u00e1sica y somos respetuosos de la normatividad, adem\u00e1s de que el citatorio es muy puntual para conciliar y no tendr\u00eda raz\u00f3n de que estemos nosotros el d\u00eda de ma\u00f1ana amanezcamos aqu\u00ed&#8221;.<\/p>\n<p><img loading=\"lazy\" decoding=\"async\" class=\"alignnone size-medium wp-image-64239\" src=\"https:\/\/encuentroinformativo.com.mx\/wp-content\/uploads\/2025\/02\/IMG-20250227-WA0504-300x169.jpg\" alt=\"\" width=\"300\" height=\"169\" srcset=\"https:\/\/encuentroinformativo.com.mx\/wp-content\/uploads\/2025\/02\/IMG-20250227-WA0504-300x169.jpg 300w, https:\/\/encuentroinformativo.com.mx\/wp-content\/uploads\/2025\/02\/IMG-20250227-WA0504-1024x576.jpg 1024w, https:\/\/encuentroinformativo.com.mx\/wp-content\/uploads\/2025\/02\/IMG-20250227-WA0504-768x432.jpg 768w, https:\/\/encuentroinformativo.com.mx\/wp-content\/uploads\/2025\/02\/IMG-20250227-WA0504-1536x864.jpg 1536w, https:\/\/encuentroinformativo.com.mx\/wp-content\/uploads\/2025\/02\/IMG-20250227-WA0504.jpg 1599w\" sizes=\"auto, (max-width: 300px) 100vw, 300px\" \/><\/p>\n","protected":false},"excerpt":{"rendered":"<p>Dar\u00edo Pale Xalapa, Ver.- Despu\u00e9s de 4 d\u00edas, sindicatos liberan la Secretar\u00eda de Educaci\u00f3n de Veracruz (SEV), el motivo es que atender\u00e1n un citatorio ante el Tribunal Estatal de Conciliaci\u00f3n y Arbitraje (TECA) para negociar las peticiones. La noche de este jueves la Uni\u00f3n de Sindicatos Magisteriales del Estado de Veracruz, en virtud de que [&hellip;]<\/p>\n","protected":false},"author":2476,"featured_media":64238,"comment_status":"open","ping_status":"open","sticky":false,"template":"","format":"standard","meta":{"_jetpack_memberships_contains_paid_content":false,"footnotes":""},"categories":[2],"tags":[],"class_list":["post-64237","post","type-post","status-publish","format-standard","has-post-thumbnail","hentry","category-estado"],"jetpack_featured_media_url":"https:\/\/encuentroinformativo.com.mx\/wp-content\/uploads\/2025\/02\/IMG-20250227-WA0512.jpg","jetpack_sharing_enabled":true,"jetpack_likes_enabled":true,"amp_enabled":true,"_links":{"self":[{"href":"https:\/\/encuentroinformativo.com.mx\/index.php?rest_route=\/wp\/v2\/posts\/64237","targetHints":{"allow":["GET"]}}],"collection":[{"href":"https:\/\/encuentroinformativo.com.mx\/index.php?rest_route=\/wp\/v2\/posts"}],"about":[{"href":"https:\/\/encuentroinformativo.com.mx\/index.php?rest_route=\/wp\/v2\/types\/post"}],"author":[{"embeddable":true,"href":"https:\/\/encuentroinformativo.com.mx\/index.php?rest_route=\/wp\/v2\/users\/2476"}],"replies":[{"embeddable":true,"href":"https:\/\/encuentroinformativo.com.mx\/index.php?rest_route=%2Fwp%2Fv2%2Fcomments&post=64237"}],"version-history":[{"count":1,"href":"https:\/\/encuentroinformativo.com.mx\/index.php?rest_route=\/wp\/v2\/posts\/64237\/revisions"}],"predecessor-version":[{"id":64240,"href":"https:\/\/encuentroinformativo.com.mx\/index.php?rest_route=\/wp\/v2\/posts\/64237\/revisions\/64240"}],"wp:featuredmedia":[{"embeddable":true,"href":"https:\/\/encuentroinformativo.com.mx\/index.php?rest_route=\/wp\/v2\/media\/64238"}],"wp:attachment":[{"href":"https:\/\/encuentroinformativo.com.mx\/index.php?rest_route=%2Fwp%2Fv2%2Fmedia&parent=64237"}],"wp:term":[{"taxonomy":"category","embeddable":true,"href":"https:\/\/encuentroinformativo.com.mx\/index.php?rest_route=%2Fwp%2Fv2%2Fcategories&post=64237"},{"taxonomy":"post_tag","embeddable":true,"href":"https:\/\/encuentroinformativo.com.mx\/index.php?rest_route=%2Fwp%2Fv2%2Ftags&post=64237"}],"curies":[{"name":"wp","href":"https:\/\/api.w.org\/{rel}","templated":true}]}}