{"id":6425,"date":"2020-10-02T09:39:29","date_gmt":"2020-10-02T14:39:29","guid":{"rendered":"https:\/\/encuentroinformativo.com.mx\/?p=6425"},"modified":"2020-10-02T09:39:32","modified_gmt":"2020-10-02T14:39:32","slug":"la-politica-da-risa","status":"publish","type":"post","link":"https:\/\/encuentroinformativo.com.mx\/?p=6425","title":{"rendered":"LA POL\u00cdTICA DA RISA"},"content":{"rendered":"\n<ul class=\"wp-block-list\"><li>Duarte regres\u00f3 al puerto de Veracruz.<\/li><li>Constitucional, la consulta de AMLO.<\/li><li>Xalape\u00f1o en caravana migrante.<\/li><\/ul>\n\n\n\n<p>\u00bfBueno y s\u00ed se fue el Santo Clos del Bienestar o nom\u00e1s era puro borrego para llamar la atenci\u00f3n?<br>&#8211;Chopenjawer<\/p>\n\n\n\n<p>No se vaya a re\u00edr, neta, es en serio\u2026 Evite la carcajada.<\/p>\n\n\n\n<p>Pero es que la pol\u00edtica es tan divertida, que hasta hay una columna dedicada a ello: &#8220;La Pol\u00edtica Me Da Risa&#8221;, de la periodista Yazm\u00edn Alessandrini.<\/p>\n\n\n\n<p>Por ejemplo, este jueves en Xalapa (prom\u00e9tame que no se va a re\u00edr; esto es serio) el PAN y el PRI en Veracruz ya hablan de fraude electoral\u2026<\/p>\n\n\n\n<p>\u00a1JAJAJAJAJA!\u2026 \u00a1Perd\u00f3n! \u00a1No lo pude evitar!<\/p>\n\n\n\n<p>\u00bfY sabe qu\u00e9 estuvo m\u00e1s chistoso? Que al lado de los dirigentes de estos partidos estaba el del partido que m\u00e1s se ha quejado de fraudes electorales en la historia, ah\u00ed sentado junto a sus enemigos hist\u00f3ricos, sirviendo como changuito cilindrero de Catemaco que orina gasoliner\u00edas. S\u00ed, el del PRD.<\/p>\n\n\n\n<p>Y es que la neta, con todo respeto, pero que el PRI y el PAN est\u00e9n hablando de fraude electoral, as\u00ed como si tuvieran toda la autoridad moral para hacerlo, pues deja mucho que desear y provoca carcajadas.<\/p>\n\n\n\n<p>Pero bueno, as\u00ed son de divertidos.<\/p>\n\n\n\n<p>Y digo, faltando mucho tiempo para las elecciones del 2021, \u00bfneta entonces los partidos de oposici\u00f3n est\u00e1n pensando ya en la derrota? \u00bfNo les dan los n\u00fameros ni las ganas para competir? \u00bfDe una vez mejor tiran la toalla y se amarran el dedo?<\/p>\n\n\n\n<p>Por cierto, mientras los tres dirigentes andaban duro peg\u00e1ndole a Morena y (jejejee, me cae, no se r\u00eda) denunciando fraude electoral (JAJAJAJAJAJAJA) un distinguido miembro del PAN, Javier Hern\u00e1ndez Candanedo, exalcalde de Misantla, anunciaba su renuncia a la militancia de ese partido.<\/p>\n\n\n\n<p>Hern\u00e1ndez Candanedo se desempe\u00f1aba como coordinador del PAN en los distritos VII y VIII. Es hermano de Oth\u00f3n, actual alcalde de Misantla, quien lleg\u00f3 a ese cargo bajo la alianza PAN-PRD, aunque se sabe que Javier y Oth\u00f3n est\u00e1n distanciados pol\u00edticamente desde mayo de 2019.<\/p>\n\n\n\n<p>De Oth\u00f3n usted se acordar\u00e1 porque fue aquel alcalde pazguato al que le dio por promover un acto brutal y barb\u00e1rico de tortura animal llamado &#8220;La Despescuezada&#8221;, que era colgarse del cuello de un ganso hasta que este reventara. As\u00ed nom\u00e1s, bien &#8220;divertida&#8221; la &#8220;tradici\u00f3n&#8221;.<\/p>\n\n\n\n<p>Por cierto, llam\u00f3 la atenci\u00f3n que a la conferencia de prensa del PRIANRD no hayan invitado al Movimiento Ciudadano (Nanan\u00e1nana), el partido del exgobernador Dante Delgado, quien tambi\u00e9n le levant\u00f3 la mano a &#8220;Miguel Chiquito&#8221; en las pasadas elecciones a la gubernatura\u2026 \u00bfSer\u00e1 que de plano ac\u00e1 en Veracruz no funca y por eso ya no lo pelan?<\/p>\n\n\n\n<p>Pero no s\u00f3lo hay comedias locales.<\/p>\n\n\n\n<p>Por ejemplo, es bastante gracioso pensar que Porfirio Mu\u00f1oz Ledo tenga que ser el nuevo dirigente de Morena, porque de verdad que parece un mal chiste.<\/p>\n\n\n\n<p>Mire que reconozco la capacidad e inteligencia de Don &#8220;Porfis&#8221;, pero la verdad como que ya los tiempos est\u00e1n para darle chance a nuevas generaciones.<\/p>\n\n\n\n<p>S\u00ed, lo anterior pareciera una premisa incongruente, una falacia por aquello de que precisamente no tenemos al presidente m\u00e1s joven que pudimos haber escogido, pero que un partido nuevo sea dirigido por un pol\u00edtico con todas las ma\u00f1as, de la vieja guardia, de los que llaman sempiternos, (s\u00famese que hasta fue de los que le levant\u00f3 la mano al payaso de Vicente Fox) pues como que no cuadra.<\/p>\n\n\n\n<p>O sea, la verdad Porfirio Mu\u00f1oz Ledo podr\u00e1 ser el arquetipo del pol\u00edtico preparado y muy chipocludo, pero tambi\u00e9n ha sido un pragm\u00e1tico que se ha acomodado de acuerdo a las circunstancias.<\/p>\n\n\n\n<p>Pero mientras son peras o son manzanas, la dirigencia nacional de Morena es la que ocupa la agenda de estos d\u00edas; en el caso de la aldea, as\u00ed como que digas que los jarochos est\u00e1n muy pendientes del PRIANRD en tiempos de pandemia, como que no.<\/p>\n\n\n\n<p><strong>NOTA PARA PEGAR EN EL REFRI: <\/strong>Lo comenta el portal Versiones: &#8220;El gobernador de Veracruz, Cuitl\u00e1huac Garc\u00eda Jim\u00e9nez, respald\u00f3 este jueves el control de la Secretar\u00eda de Marina en el Puerto de Veracruz. En presencia del director de Aduanas, Horacio Duarte, Garc\u00eda Jim\u00e9nez dijo que la presencia de la Marina en las aduanas y puertos representa el camino correcto\u2026 Por su parte, Duarte expres\u00f3 que, as\u00ed como est\u00e1 entrando fuerte el viento en esos momentos de dicha ceremonia, as\u00ed de fuerte van a entrar los marinos a combatir la corrupci\u00f3n en las aduanas. Y es que en esos instantes en que estaba hablando Duarte, fuertes rachas de aire de repente irrump\u00edan en donde se estaba llevando a cabo el evento oficial&#8221;.<\/p>\n\n\n\n<p><strong>OTRA NOTA:<\/strong> Por la ma\u00f1ana, en el noticiero de Telef\u00f3rmula de Ciro G\u00f3mez Leyva, el senador de Morena Germ\u00e1n Mart\u00ednez (tambi\u00e9n expanista) daba la primicia: lo que iba a pasar en la Suprema Corte de Justicia de la Naci\u00f3n (SCJN) es que iban a avalar constitucionalmente la consulta sobre el juicio a expresidentes, y que s\u00f3lo afinar\u00edan la pregunta de dicha consulta por aquello de la presunci\u00f3n de inocencia\u2026 Y as\u00ed fue: con seis votos a favor, este 1\u00b0 de octubre la SCJN declar\u00f3 constitucional la consulta popular para enjuiciar a los exmandatarios.<\/p>\n\n\n\n<p><strong>LA \u00daLTIMA PORQUE ME VOY A DESCANSAR LAS PATAS: <\/strong>El xalape\u00f1o Antonio Falc\u00f3n Rodr\u00edguez, oficial de campo del Comit\u00e9 Internacional de la Cruz Roja (CICR), estar\u00e1 trabajando muy de la mano con la SSP de Veracruz para la pr\u00f3xima caravana migrante que sali\u00f3 de Honduras y lleg\u00f3 este jueves a Guatemala. Se sabe que el oriundo de la capital veracruzana viaja a Centroam\u00e9rica para trabajar de la mano con la gente del secre Hugo Guti\u00e9rrez en el tema de atenci\u00f3n a migrantes.<br><\/p>\n\n\n\n<p><strong>@pablojair<\/strong><\/p>\n","protected":false},"excerpt":{"rendered":"<p>Duarte regres\u00f3 al puerto de Veracruz. Constitucional, la consulta de AMLO. Xalape\u00f1o en caravana migrante. \u00bfBueno y s\u00ed se fue el Santo Clos del Bienestar o nom\u00e1s era puro borrego para llamar la atenci\u00f3n?&#8211;Chopenjawer No se vaya a re\u00edr, neta, es en serio\u2026 Evite la carcajada. Pero es que la pol\u00edtica es tan divertida, que [&hellip;]<\/p>\n","protected":false},"author":1,"featured_media":488,"comment_status":"open","ping_status":"open","sticky":false,"template":"","format":"standard","meta":{"_jetpack_memberships_contains_paid_content":false,"footnotes":""},"categories":[11],"tags":[],"class_list":["post-6425","post","type-post","status-publish","format-standard","has-post-thumbnail","hentry","category-opinion"],"jetpack_featured_media_url":"https:\/\/encuentroinformativo.com.mx\/wp-content\/uploads\/2020\/03\/F471F608-BA1A-416B-BA7B-BCFB24F4E6D0.jpeg","jetpack_sharing_enabled":true,"jetpack_likes_enabled":true,"amp_enabled":true,"_links":{"self":[{"href":"https:\/\/encuentroinformativo.com.mx\/index.php?rest_route=\/wp\/v2\/posts\/6425","targetHints":{"allow":["GET"]}}],"collection":[{"href":"https:\/\/encuentroinformativo.com.mx\/index.php?rest_route=\/wp\/v2\/posts"}],"about":[{"href":"https:\/\/encuentroinformativo.com.mx\/index.php?rest_route=\/wp\/v2\/types\/post"}],"author":[{"embeddable":true,"href":"https:\/\/encuentroinformativo.com.mx\/index.php?rest_route=\/wp\/v2\/users\/1"}],"replies":[{"embeddable":true,"href":"https:\/\/encuentroinformativo.com.mx\/index.php?rest_route=%2Fwp%2Fv2%2Fcomments&post=6425"}],"version-history":[{"count":1,"href":"https:\/\/encuentroinformativo.com.mx\/index.php?rest_route=\/wp\/v2\/posts\/6425\/revisions"}],"predecessor-version":[{"id":6426,"href":"https:\/\/encuentroinformativo.com.mx\/index.php?rest_route=\/wp\/v2\/posts\/6425\/revisions\/6426"}],"wp:featuredmedia":[{"embeddable":true,"href":"https:\/\/encuentroinformativo.com.mx\/index.php?rest_route=\/wp\/v2\/media\/488"}],"wp:attachment":[{"href":"https:\/\/encuentroinformativo.com.mx\/index.php?rest_route=%2Fwp%2Fv2%2Fmedia&parent=6425"}],"wp:term":[{"taxonomy":"category","embeddable":true,"href":"https:\/\/encuentroinformativo.com.mx\/index.php?rest_route=%2Fwp%2Fv2%2Fcategories&post=6425"},{"taxonomy":"post_tag","embeddable":true,"href":"https:\/\/encuentroinformativo.com.mx\/index.php?rest_route=%2Fwp%2Fv2%2Ftags&post=6425"}],"curies":[{"name":"wp","href":"https:\/\/api.w.org\/{rel}","templated":true}]}}