{"id":64262,"date":"2025-02-28T16:51:18","date_gmt":"2025-02-28T22:51:18","guid":{"rendered":"https:\/\/encuentroinformativo.com.mx\/?p=64262"},"modified":"2025-02-28T16:51:18","modified_gmt":"2025-02-28T22:51:18","slug":"nombran-a-elia-arguelles-coordinadora-municipal-del-partido-verde-en-misantla","status":"publish","type":"post","link":"https:\/\/encuentroinformativo.com.mx\/?p=64262","title":{"rendered":"Nombran a Elia Arg\u00fcelles coordinadora municipal del Partido Verde en Misantla"},"content":{"rendered":"<p><strong style=\"font-size: 1rem;\">Alejandro \u00c1vila<\/strong><\/p>\n<p>Misantla, Ver.- El dirigente estatal del Partido Verde Ecologista de M\u00e9xico (PVEM), Edgar Herrera Lendechy, entreg\u00f3 nombramientos a los nuevos integrantes del comit\u00e9 municipal en Misantla, conformado por destacadas personalidades de la sociedad civil.<\/p>\n<p>Durante el evento, Herrera Lendechy destac\u00f3 la importancia de contar con un equipo s\u00f3lido y representativo en la regi\u00f3n. \u201cLes damos la bienvenida a la Familia Verde a estos distinguidos ciudadanos que, con su experiencia y compromiso, fortalecer\u00e1n nuestro proyecto en Misantla\u201d, expres\u00f3 el l\u00edder estatal.<\/p>\n<p>Al frente del nuevo comit\u00e9 estar\u00e1 Elia Arg\u00fcelles Cervantes, quien asumi\u00f3 el cargo de Coordinadora General del Comit\u00e9 Ejecutivo Municipal de Misantla. Arg\u00fcelles Cervantes, quien se comprometi\u00f3 a trabajar de la mano con la comunidad para impulsar las propuestas del Partido Verde en la regi\u00f3n.<\/p>\n<p>\u201cEste comit\u00e9 est\u00e1 integrado por personas que representan lo mejor de nuestra sociedad. Su experiencia y dedicaci\u00f3n ser\u00e1n clave para llevar nuestro mensaje de sustentabilidad y desarrollo a cada rinc\u00f3n de Misantla\u201d, agreg\u00f3 Herrera Lendechy, quien tambi\u00e9n resalt\u00f3 el crecimiento del partido de cara al proceso electoral 2024-2025.<\/p>\n","protected":false},"excerpt":{"rendered":"<p>Alejandro \u00c1vila Misantla, Ver.- El dirigente estatal del Partido Verde Ecologista de M\u00e9xico (PVEM), Edgar Herrera Lendechy, entreg\u00f3 nombramientos a los nuevos integrantes del comit\u00e9 municipal en Misantla, conformado por destacadas personalidades de la sociedad civil. Durante el evento, Herrera Lendechy destac\u00f3 la importancia de contar con un equipo s\u00f3lido y representativo en la regi\u00f3n. [&hellip;]<\/p>\n","protected":false},"author":2476,"featured_media":64263,"comment_status":"open","ping_status":"open","sticky":false,"template":"","format":"standard","meta":{"_jetpack_memberships_contains_paid_content":false,"footnotes":""},"categories":[2],"tags":[],"class_list":["post-64262","post","type-post","status-publish","format-standard","has-post-thumbnail","hentry","category-estado"],"jetpack_featured_media_url":"https:\/\/encuentroinformativo.com.mx\/wp-content\/uploads\/2025\/02\/IMG-20250228-WA02912.jpg","jetpack_sharing_enabled":true,"jetpack_likes_enabled":true,"amp_enabled":true,"_links":{"self":[{"href":"https:\/\/encuentroinformativo.com.mx\/index.php?rest_route=\/wp\/v2\/posts\/64262","targetHints":{"allow":["GET"]}}],"collection":[{"href":"https:\/\/encuentroinformativo.com.mx\/index.php?rest_route=\/wp\/v2\/posts"}],"about":[{"href":"https:\/\/encuentroinformativo.com.mx\/index.php?rest_route=\/wp\/v2\/types\/post"}],"author":[{"embeddable":true,"href":"https:\/\/encuentroinformativo.com.mx\/index.php?rest_route=\/wp\/v2\/users\/2476"}],"replies":[{"embeddable":true,"href":"https:\/\/encuentroinformativo.com.mx\/index.php?rest_route=%2Fwp%2Fv2%2Fcomments&post=64262"}],"version-history":[{"count":1,"href":"https:\/\/encuentroinformativo.com.mx\/index.php?rest_route=\/wp\/v2\/posts\/64262\/revisions"}],"predecessor-version":[{"id":64264,"href":"https:\/\/encuentroinformativo.com.mx\/index.php?rest_route=\/wp\/v2\/posts\/64262\/revisions\/64264"}],"wp:featuredmedia":[{"embeddable":true,"href":"https:\/\/encuentroinformativo.com.mx\/index.php?rest_route=\/wp\/v2\/media\/64263"}],"wp:attachment":[{"href":"https:\/\/encuentroinformativo.com.mx\/index.php?rest_route=%2Fwp%2Fv2%2Fmedia&parent=64262"}],"wp:term":[{"taxonomy":"category","embeddable":true,"href":"https:\/\/encuentroinformativo.com.mx\/index.php?rest_route=%2Fwp%2Fv2%2Fcategories&post=64262"},{"taxonomy":"post_tag","embeddable":true,"href":"https:\/\/encuentroinformativo.com.mx\/index.php?rest_route=%2Fwp%2Fv2%2Ftags&post=64262"}],"curies":[{"name":"wp","href":"https:\/\/api.w.org\/{rel}","templated":true}]}}