{"id":64291,"date":"2025-03-01T17:15:47","date_gmt":"2025-03-01T23:15:47","guid":{"rendered":"https:\/\/encuentroinformativo.com.mx\/?p=64291"},"modified":"2025-03-01T17:15:47","modified_gmt":"2025-03-01T23:15:47","slug":"artesanos-carecieron-de-hospedaje-durante-exposicion-en-el-puerto","status":"publish","type":"post","link":"https:\/\/encuentroinformativo.com.mx\/?p=64291","title":{"rendered":"Artesanos carecieron de hospedaje durante exposici\u00f3n en el puerto\u00a0"},"content":{"rendered":"<p><strong style=\"font-size: 1rem;\">Alejandro \u00c1vila<\/strong><\/p>\n<p>Veracruz, Ver.- Una p\u00e9sima experiencia vivieron al menos 12 artesanos de diversos puntos de la entidad veracruzana que fueron invitados por la Secretar\u00eda de Cultura a participar en una exposici\u00f3n en el Centro Cultural &#8220;Atarazanas&#8221; en el puerto de Veracruz.<\/p>\n<p>Al terminar la exposici\u00f3n &#8220;Amor y Amistad por un Consumo Solidario&#8221; que se realiz\u00f3 los d\u00edas 14, 15 y 16 de febrero, les fue habilitado un espacio dentro del recinto cultural y con cart\u00f3n y cobijas les hicieron unas camas; esta situaci\u00f3n fue difundida a trav\u00e9s de un video de las c\u00e1maras de videovigilianza que fue filtrado a los medios de comunicaci\u00f3n.<\/p>\n<p>A decir de los participantes y otros expositores que en ocasiones anteriores han acudido al Centro Cultural &#8220;Atarazanas&#8221;, esta es la primera situaci\u00f3n de este tipo que se da, pues normalmente la Secretar\u00eda de Cultura antes IVEC, a cargo de X\u00f3chitl Molina Gonz\u00e1lez, cuenta con un presupuesto especial para dar alojamiento y comida a sus invitados.<\/p>\n<p>El mencionado evento reuni\u00f3 a cerca de 46 artesanos que viajaron de las diferentes regiones del estado para vender y promover su artesan\u00eda; se pudo conocer que los artesanos tuvieron que pagar en un comercio cercano la renta de regaderas para poder asearse previo a cada presentaci\u00f3n.<\/p>\n","protected":false},"excerpt":{"rendered":"<p>Alejandro \u00c1vila Veracruz, Ver.- Una p\u00e9sima experiencia vivieron al menos 12 artesanos de diversos puntos de la entidad veracruzana que fueron invitados por la Secretar\u00eda de Cultura a participar en una exposici\u00f3n en el Centro Cultural &#8220;Atarazanas&#8221; en el puerto de Veracruz. Al terminar la exposici\u00f3n &#8220;Amor y Amistad por un Consumo Solidario&#8221; que se [&hellip;]<\/p>\n","protected":false},"author":2476,"featured_media":64292,"comment_status":"open","ping_status":"open","sticky":false,"template":"","format":"standard","meta":{"_jetpack_memberships_contains_paid_content":false,"footnotes":""},"categories":[2],"tags":[],"class_list":["post-64291","post","type-post","status-publish","format-standard","has-post-thumbnail","hentry","category-estado"],"jetpack_featured_media_url":"https:\/\/encuentroinformativo.com.mx\/wp-content\/uploads\/2025\/03\/IMG-20250301-WA0183.jpg","jetpack_sharing_enabled":true,"jetpack_likes_enabled":true,"amp_enabled":true,"_links":{"self":[{"href":"https:\/\/encuentroinformativo.com.mx\/index.php?rest_route=\/wp\/v2\/posts\/64291","targetHints":{"allow":["GET"]}}],"collection":[{"href":"https:\/\/encuentroinformativo.com.mx\/index.php?rest_route=\/wp\/v2\/posts"}],"about":[{"href":"https:\/\/encuentroinformativo.com.mx\/index.php?rest_route=\/wp\/v2\/types\/post"}],"author":[{"embeddable":true,"href":"https:\/\/encuentroinformativo.com.mx\/index.php?rest_route=\/wp\/v2\/users\/2476"}],"replies":[{"embeddable":true,"href":"https:\/\/encuentroinformativo.com.mx\/index.php?rest_route=%2Fwp%2Fv2%2Fcomments&post=64291"}],"version-history":[{"count":1,"href":"https:\/\/encuentroinformativo.com.mx\/index.php?rest_route=\/wp\/v2\/posts\/64291\/revisions"}],"predecessor-version":[{"id":64293,"href":"https:\/\/encuentroinformativo.com.mx\/index.php?rest_route=\/wp\/v2\/posts\/64291\/revisions\/64293"}],"wp:featuredmedia":[{"embeddable":true,"href":"https:\/\/encuentroinformativo.com.mx\/index.php?rest_route=\/wp\/v2\/media\/64292"}],"wp:attachment":[{"href":"https:\/\/encuentroinformativo.com.mx\/index.php?rest_route=%2Fwp%2Fv2%2Fmedia&parent=64291"}],"wp:term":[{"taxonomy":"category","embeddable":true,"href":"https:\/\/encuentroinformativo.com.mx\/index.php?rest_route=%2Fwp%2Fv2%2Fcategories&post=64291"},{"taxonomy":"post_tag","embeddable":true,"href":"https:\/\/encuentroinformativo.com.mx\/index.php?rest_route=%2Fwp%2Fv2%2Ftags&post=64291"}],"curies":[{"name":"wp","href":"https:\/\/api.w.org\/{rel}","templated":true}]}}