{"id":64306,"date":"2025-03-02T13:16:40","date_gmt":"2025-03-02T19:16:40","guid":{"rendered":"https:\/\/encuentroinformativo.com.mx\/?p=64306"},"modified":"2025-03-02T13:16:40","modified_gmt":"2025-03-02T19:16:40","slug":"en-angel-r-cabada-2-lesionados-tras-agresion-con-arma-de-fuego","status":"publish","type":"post","link":"https:\/\/encuentroinformativo.com.mx\/?p=64306","title":{"rendered":"En \u00c1ngel R. Cabada, 2 lesionados tras agresi\u00f3n con arma de fuego"},"content":{"rendered":"<p><strong style=\"font-size: 1rem;\">Alejandro \u00c1vila<\/strong><\/p>\n<p>\u00c1ngel R. Cabada, Ver.- Un veh\u00edculo asegurado, dos personas lesionadas y un detenido, fue el saldo de un ataque armado la noche de este s\u00e1bado en el municipio de Angel R. Cabada.<\/p>\n<p>Los hechos ocurrieron poco antes de la medianoche en la zona centro del municipio, sitio hasta donde se movilizaron los cuerpos de seguridad.<\/p>\n<p>Los primeros reportes indican que personas a bordo de una camioneta agredieron a una pareja que se desplazaba en motocicleta sobre la calle 18 de junio a la altura de la zona de cantinas.<\/p>\n<p>En el ataque resultaron lesionados Ceferino &#8220;N&#8221; y Karen &#8220;N&#8221;, los cuales fueron atendidos por param\u00e9dicos del IMSS tras lesiones en brazos y piernas.<\/p>\n<p>Dentro del operativo fue hallada una camioneta abandonada en el camino de terracer\u00eda entre \u00c1ngel R. Cabada y la comunidad La Cruz; en la unidad se encontraron dos armas de fuego, y metros m\u00e1s tarde fue encontrado un sujeto el cual fue detenido por su presunta responsabilidad en los hechos delictivos, el presunto agresor fue entregado a la Fiscal\u00eda de Veracruz, junto con las armas y el veh\u00edculo asegurado.<\/p>\n<p>Se presume que el m\u00f3vil de este atentado tiene que ver con la venta de estupefacientes en la zona.<\/p>\n","protected":false},"excerpt":{"rendered":"<p>Alejandro \u00c1vila \u00c1ngel R. Cabada, Ver.- Un veh\u00edculo asegurado, dos personas lesionadas y un detenido, fue el saldo de un ataque armado la noche de este s\u00e1bado en el municipio de Angel R. Cabada. Los hechos ocurrieron poco antes de la medianoche en la zona centro del municipio, sitio hasta donde se movilizaron los cuerpos [&hellip;]<\/p>\n","protected":false},"author":2476,"featured_media":64307,"comment_status":"open","ping_status":"open","sticky":false,"template":"","format":"standard","meta":{"_jetpack_memberships_contains_paid_content":false,"footnotes":""},"categories":[14],"tags":[],"class_list":["post-64306","post","type-post","status-publish","format-standard","has-post-thumbnail","hentry","category-policiaca"],"jetpack_featured_media_url":"https:\/\/encuentroinformativo.com.mx\/wp-content\/uploads\/2025\/03\/IMG-20250302-WA0140.jpg","jetpack_sharing_enabled":true,"jetpack_likes_enabled":true,"amp_enabled":true,"_links":{"self":[{"href":"https:\/\/encuentroinformativo.com.mx\/index.php?rest_route=\/wp\/v2\/posts\/64306","targetHints":{"allow":["GET"]}}],"collection":[{"href":"https:\/\/encuentroinformativo.com.mx\/index.php?rest_route=\/wp\/v2\/posts"}],"about":[{"href":"https:\/\/encuentroinformativo.com.mx\/index.php?rest_route=\/wp\/v2\/types\/post"}],"author":[{"embeddable":true,"href":"https:\/\/encuentroinformativo.com.mx\/index.php?rest_route=\/wp\/v2\/users\/2476"}],"replies":[{"embeddable":true,"href":"https:\/\/encuentroinformativo.com.mx\/index.php?rest_route=%2Fwp%2Fv2%2Fcomments&post=64306"}],"version-history":[{"count":1,"href":"https:\/\/encuentroinformativo.com.mx\/index.php?rest_route=\/wp\/v2\/posts\/64306\/revisions"}],"predecessor-version":[{"id":64308,"href":"https:\/\/encuentroinformativo.com.mx\/index.php?rest_route=\/wp\/v2\/posts\/64306\/revisions\/64308"}],"wp:featuredmedia":[{"embeddable":true,"href":"https:\/\/encuentroinformativo.com.mx\/index.php?rest_route=\/wp\/v2\/media\/64307"}],"wp:attachment":[{"href":"https:\/\/encuentroinformativo.com.mx\/index.php?rest_route=%2Fwp%2Fv2%2Fmedia&parent=64306"}],"wp:term":[{"taxonomy":"category","embeddable":true,"href":"https:\/\/encuentroinformativo.com.mx\/index.php?rest_route=%2Fwp%2Fv2%2Fcategories&post=64306"},{"taxonomy":"post_tag","embeddable":true,"href":"https:\/\/encuentroinformativo.com.mx\/index.php?rest_route=%2Fwp%2Fv2%2Ftags&post=64306"}],"curies":[{"name":"wp","href":"https:\/\/api.w.org\/{rel}","templated":true}]}}