{"id":64309,"date":"2025-03-02T13:22:01","date_gmt":"2025-03-02T19:22:01","guid":{"rendered":"https:\/\/encuentroinformativo.com.mx\/?p=64309"},"modified":"2025-03-02T13:22:01","modified_gmt":"2025-03-02T19:22:01","slug":"congreso-de-veracruz-desactivo-a-empresa-que-cobro-10-mdp-anuales-por-despensas-a-sindicalizados","status":"publish","type":"post","link":"https:\/\/encuentroinformativo.com.mx\/?p=64309","title":{"rendered":"Congreso de Veracruz desactiv\u00f3 a empresa que cobr\u00f3 10 mdp anuales por despensas a sindicalizados"},"content":{"rendered":"<p><strong style=\"font-size: 1rem;\">Alejandro \u00c1vila<\/strong><\/p>\n<p>Veracruz, Ver.- La empresa que hab\u00eda cobrado 10 millones de pesos anuales por entregar 700 despensas a los trabajadores sindicalizados del Congreso de Veracruz, ya fue desactivada de la Legislatura, confirm\u00f3 el presidente de la Junta de Coordinaci\u00f3n Pol\u00edtica (JUCOPO), Esteban Bautista Hern\u00e1ndez.<\/p>\n<p>Es de recordar que hace unos d\u00edas se dio a conocer que esta empresa hab\u00eda cobrado una cifra millonaria por entregar despensas a los trabajadores sindicalizados, por lo cual se inici\u00f3 con una exhaustiva investigaci\u00f3n y tras encontrar varias irregularidades fue dada de baja.<\/p>\n<p>&#8220;Me dicen que es una empresa que nada que ver, es una empresa como tantas que fueron creadas, pero hasta aqu\u00ed lleg\u00f3, no va a surtir m\u00e1s&#8221;, afirm\u00f3.<\/p>\n<p>Este ha sido uno de los tantos contratos millonarios que se dieron durante la pasada legislatura, bajo la coordinaci\u00f3n de Juan Javier G\u00f3mez Cazar\u00edn, hoy delegado de Bienestar en Veracruz.<\/p>\n","protected":false},"excerpt":{"rendered":"<p>Alejandro \u00c1vila Veracruz, Ver.- La empresa que hab\u00eda cobrado 10 millones de pesos anuales por entregar 700 despensas a los trabajadores sindicalizados del Congreso de Veracruz, ya fue desactivada de la Legislatura, confirm\u00f3 el presidente de la Junta de Coordinaci\u00f3n Pol\u00edtica (JUCOPO), Esteban Bautista Hern\u00e1ndez. Es de recordar que hace unos d\u00edas se dio a [&hellip;]<\/p>\n","protected":false},"author":2476,"featured_media":64310,"comment_status":"open","ping_status":"open","sticky":false,"template":"","format":"standard","meta":{"_jetpack_memberships_contains_paid_content":false,"footnotes":""},"categories":[2],"tags":[],"class_list":["post-64309","post","type-post","status-publish","format-standard","has-post-thumbnail","hentry","category-estado"],"jetpack_featured_media_url":"https:\/\/encuentroinformativo.com.mx\/wp-content\/uploads\/2025\/03\/IMG-20250301-WA020012.jpg","jetpack_sharing_enabled":true,"jetpack_likes_enabled":true,"amp_enabled":true,"_links":{"self":[{"href":"https:\/\/encuentroinformativo.com.mx\/index.php?rest_route=\/wp\/v2\/posts\/64309","targetHints":{"allow":["GET"]}}],"collection":[{"href":"https:\/\/encuentroinformativo.com.mx\/index.php?rest_route=\/wp\/v2\/posts"}],"about":[{"href":"https:\/\/encuentroinformativo.com.mx\/index.php?rest_route=\/wp\/v2\/types\/post"}],"author":[{"embeddable":true,"href":"https:\/\/encuentroinformativo.com.mx\/index.php?rest_route=\/wp\/v2\/users\/2476"}],"replies":[{"embeddable":true,"href":"https:\/\/encuentroinformativo.com.mx\/index.php?rest_route=%2Fwp%2Fv2%2Fcomments&post=64309"}],"version-history":[{"count":1,"href":"https:\/\/encuentroinformativo.com.mx\/index.php?rest_route=\/wp\/v2\/posts\/64309\/revisions"}],"predecessor-version":[{"id":64311,"href":"https:\/\/encuentroinformativo.com.mx\/index.php?rest_route=\/wp\/v2\/posts\/64309\/revisions\/64311"}],"wp:featuredmedia":[{"embeddable":true,"href":"https:\/\/encuentroinformativo.com.mx\/index.php?rest_route=\/wp\/v2\/media\/64310"}],"wp:attachment":[{"href":"https:\/\/encuentroinformativo.com.mx\/index.php?rest_route=%2Fwp%2Fv2%2Fmedia&parent=64309"}],"wp:term":[{"taxonomy":"category","embeddable":true,"href":"https:\/\/encuentroinformativo.com.mx\/index.php?rest_route=%2Fwp%2Fv2%2Fcategories&post=64309"},{"taxonomy":"post_tag","embeddable":true,"href":"https:\/\/encuentroinformativo.com.mx\/index.php?rest_route=%2Fwp%2Fv2%2Ftags&post=64309"}],"curies":[{"name":"wp","href":"https:\/\/api.w.org\/{rel}","templated":true}]}}