{"id":6431,"date":"2020-10-02T11:43:30","date_gmt":"2020-10-02T16:43:30","guid":{"rendered":"https:\/\/encuentroinformativo.com.mx\/?p=6431"},"modified":"2020-10-02T11:43:33","modified_gmt":"2020-10-02T16:43:33","slug":"parques-sin-control-en-accesos-seguiran-cerrados-alcalde","status":"publish","type":"post","link":"https:\/\/encuentroinformativo.com.mx\/?p=6431","title":{"rendered":"Parques sin control en accesos, seguir\u00e1n cerrados: Alcalde"},"content":{"rendered":"\n<p><strong>Dar\u00edo Pale <\/strong><\/p>\n\n\n\n<p>Xalapa, Ver.- No se abrir\u00e1n los parques pese a que los vendedores insisten en que necesitan regresar a sus centros de trabajo con las medidas de sanidad necesarias, as\u00ed lo dio a conocer el presidente municipal de Xalapa Hip\u00f3lito Rodr\u00edguez Herrero.<\/p>\n\n\n\n<p>Entrevistado previo a la conmemoraci\u00f3n del 52 aniversario de los ca\u00eddos en la lucha por la democracia en el parque Ju\u00e1rez, se\u00f1al\u00f3 que los parques de la ciudad donde no se tiene control del ingreso seguir\u00e1n cerrados hasta que haya cambio de color en el sem\u00e1foro epidemiol\u00f3gico y no signifiquen un riesgo de contagio de Covid-19.<\/p>\n\n\n\n<p>El edil refiri\u00f3 que los cuatro parques que se abrieron son espacios amplios donde se puede controlar el ingreso, &#8220;estamos abriendo los espacios verdes, los parques donde hay control de acceso y se garantiza que hay la debida distancia y se entra simple y sencillamente a hacer ejercicio, aqu\u00ed (en el parque Ju\u00e1rez) es imposible hacerlo porque est\u00e1 abierto&#8221;.<\/p>\n\n\n\n<p>&#8220;Todo depende del sector salud, cuando nos indique el sector salud que cambiamos de color de sem\u00e1foro lo vamos a hacer, ahorita lo que nos preocupa es que puede haber un repunte porque en oto\u00f1o empieza a haber temperaturas fr\u00edas y es probable que haya un repunte si no nos cuidamos&#8221;, se\u00f1al\u00f3.<\/p>\n\n\n\n<p>En otro orden de ideas en lo que se refiere a la inconformidad de los vecinos por los accidentes en la carretera Xalapa- Coatepec, se\u00f1al\u00f3 que esto es derivado de que se construy\u00f3 mal esa v\u00eda y ahora se deben crear las condiciones para que no signifique un riesgo para quienes la transitan.<\/p>\n\n\n\n<p>&#8220;Yo entiendo la preocupaci\u00f3n de la poblaci\u00f3n y los usuarios de esa arteria, hay que cuidar que se garantice la seguridad de todos los que por ah\u00ed circulan. Lo que sea necesario para atender a la poblaci\u00f3n, si es necesario un tope que se ponga un tope, si es necesario redise\u00f1ar alg\u00fan fragmento de ese camino hay que hacerlo, no puede ser que la ciudad y la gente que usa ese circuito viva en peligro\u201d, finaliz\u00f3.<\/p>\n","protected":false},"excerpt":{"rendered":"<p>Dar\u00edo Pale Xalapa, Ver.- No se abrir\u00e1n los parques pese a que los vendedores insisten en que necesitan regresar a sus centros de trabajo con las medidas de sanidad necesarias, as\u00ed lo dio a conocer el presidente municipal de Xalapa Hip\u00f3lito Rodr\u00edguez Herrero. Entrevistado previo a la conmemoraci\u00f3n del 52 aniversario de los ca\u00eddos en [&hellip;]<\/p>\n","protected":false},"author":1,"featured_media":6432,"comment_status":"open","ping_status":"open","sticky":false,"template":"","format":"standard","meta":{"_jetpack_memberships_contains_paid_content":false,"footnotes":""},"categories":[3],"tags":[],"class_list":["post-6431","post","type-post","status-publish","format-standard","has-post-thumbnail","hentry","category-xalapa"],"jetpack_featured_media_url":"https:\/\/encuentroinformativo.com.mx\/wp-content\/uploads\/2020\/10\/296FBC22-6834-483A-A47F-E34D304F46ED.jpeg","jetpack_sharing_enabled":true,"jetpack_likes_enabled":true,"amp_enabled":true,"_links":{"self":[{"href":"https:\/\/encuentroinformativo.com.mx\/index.php?rest_route=\/wp\/v2\/posts\/6431","targetHints":{"allow":["GET"]}}],"collection":[{"href":"https:\/\/encuentroinformativo.com.mx\/index.php?rest_route=\/wp\/v2\/posts"}],"about":[{"href":"https:\/\/encuentroinformativo.com.mx\/index.php?rest_route=\/wp\/v2\/types\/post"}],"author":[{"embeddable":true,"href":"https:\/\/encuentroinformativo.com.mx\/index.php?rest_route=\/wp\/v2\/users\/1"}],"replies":[{"embeddable":true,"href":"https:\/\/encuentroinformativo.com.mx\/index.php?rest_route=%2Fwp%2Fv2%2Fcomments&post=6431"}],"version-history":[{"count":1,"href":"https:\/\/encuentroinformativo.com.mx\/index.php?rest_route=\/wp\/v2\/posts\/6431\/revisions"}],"predecessor-version":[{"id":6433,"href":"https:\/\/encuentroinformativo.com.mx\/index.php?rest_route=\/wp\/v2\/posts\/6431\/revisions\/6433"}],"wp:featuredmedia":[{"embeddable":true,"href":"https:\/\/encuentroinformativo.com.mx\/index.php?rest_route=\/wp\/v2\/media\/6432"}],"wp:attachment":[{"href":"https:\/\/encuentroinformativo.com.mx\/index.php?rest_route=%2Fwp%2Fv2%2Fmedia&parent=6431"}],"wp:term":[{"taxonomy":"category","embeddable":true,"href":"https:\/\/encuentroinformativo.com.mx\/index.php?rest_route=%2Fwp%2Fv2%2Fcategories&post=6431"},{"taxonomy":"post_tag","embeddable":true,"href":"https:\/\/encuentroinformativo.com.mx\/index.php?rest_route=%2Fwp%2Fv2%2Ftags&post=6431"}],"curies":[{"name":"wp","href":"https:\/\/api.w.org\/{rel}","templated":true}]}}