{"id":64312,"date":"2025-03-02T13:33:37","date_gmt":"2025-03-02T19:33:37","guid":{"rendered":"https:\/\/encuentroinformativo.com.mx\/?p=64312"},"modified":"2025-03-02T13:33:37","modified_gmt":"2025-03-02T19:33:37","slug":"en-tlaqna-celebraran-concierto-nuestra-musica","status":"publish","type":"post","link":"https:\/\/encuentroinformativo.com.mx\/?p=64312","title":{"rendered":"En Tlaqn\u00e1, celebrar\u00e1n concierto Nuestra M\u00fasica"},"content":{"rendered":"<p><strong>Eirinet G\u00f3mez<\/strong><\/p>\n<p>Xalapa, Ver.- El concierto Nuestra m\u00fasica, nuestro orgullo, que se llevar\u00e1 a cabo el pr\u00f3ximo 15 de marzo,<br \/>\nofrecer\u00e1 un recorrido por la tradici\u00f3n musical del sureste mexicano, con la participaci\u00f3n de 12 agrupaciones y m\u00e1s de 200 artistas en escena. Ser\u00e1 una presentaci\u00f3n \u00fanica que combinar\u00e1 danza, actuaci\u00f3n y m\u00fasica.<\/p>\n<p>As\u00ed lo inform\u00f3 Jaqueline Jongitud Zamora, secretaria de Desarrollo Institucional de la Universidad Veracruzana (UV), quien destac\u00f3 que el evento, tendr\u00e1 lugar en la Sala de Concierto de Tlaqn\u00e1, Centro Cultural, a trav\u00e9s de dos funciones, una a las 17:00 horas y otra a las 20:00 horas.<\/p>\n<p>Entre las agrupaciones participantes se encuentran Orbis Tertius, el Ballet Folkl\u00f3rico, Ensamble Cl\u00e1sico de Guitarras, la Orquesta Universitaria de M\u00fasica Popular, la Organizaci\u00f3n Teatral (ORTEUV), el Mariachi UV, la Orquesta de Salsa, el Tlen Huicani Maderas y el Tlen Huicani Huasteco.<\/p>\n<p><span style=\"font-size: 1rem;\">El programa incluye piezas como Noche de luna en Xalapa, La cumbancha, Pregones del<\/span><span style=\"font-size: 1rem;\">c ascabel, La bamba, El ruletero, Que rico mambo, as\u00ed como\u00a0 intervenciones esc\u00e9nicas con L<\/span><span style=\"font-size: 1rem;\">a Bruja, El querreque, El chaquiste, y fragmentos de la obra Estrident\u00f3polis y Xalapango.<\/span><\/p>\n<p><strong>\u201cEs un espect\u00e1culo dise\u00f1ado para celebrar la riqueza cultural de nuestra regi\u00f3n.<\/strong> Se tocar\u00e1 m\u00fasica tradicional de Veracruz, pero tambi\u00e9n de los estados vecinos como Chiapas, Tabasco y Oaxaca\u201d, destac\u00f3 la organizadora.<\/p>\n<p>Jongitud Zamora subray\u00f3 que el evento ha requerido un intenso trabajo de coordinaci\u00f3n entre las agrupaciones, as\u00ed como un montaje y una log\u00edstica muy minuciosos, para garantizar la calidad de cada n\u00famero art\u00edstico.\u00a0 Los boletos tienen un costo de entre\u00a0 445 a 665 pesos, y pueden adquirirse en la p\u00e1gina<br \/>\noficial de la UV https:\/\/acortar.link\/nEdk4z .<\/p>\n<p>Los fondos recaudados se destinar\u00e1n a la adquisici\u00f3n de instrumentos para los grupos musicales de la UV, que con su trabajo preservan la expresi\u00f3n art\u00edstica del sureste mexicano.<\/p>\n<p>\u201cIncitamos al p\u00fablico a disfrutar de este espect\u00e1culo \u00fanico, en el que se celebrar\u00e1 el legado musical de nuestra regi\u00f3n a trav\u00e9s de grupos emblem\u00e1ticas de la casa de estudios\u201d,<br \/>\nconcluy\u00f3.<\/p>\n","protected":false},"excerpt":{"rendered":"<p>Eirinet G\u00f3mez Xalapa, Ver.- El concierto Nuestra m\u00fasica, nuestro orgullo, que se llevar\u00e1 a cabo el pr\u00f3ximo 15 de marzo, ofrecer\u00e1 un recorrido por la tradici\u00f3n musical del sureste mexicano, con la participaci\u00f3n de 12 agrupaciones y m\u00e1s de 200 artistas en escena. Ser\u00e1 una presentaci\u00f3n \u00fanica que combinar\u00e1 danza, actuaci\u00f3n y m\u00fasica. As\u00ed lo [&hellip;]<\/p>\n","protected":false},"author":2476,"featured_media":44497,"comment_status":"open","ping_status":"open","sticky":false,"template":"","format":"standard","meta":{"_jetpack_memberships_contains_paid_content":false,"footnotes":""},"categories":[2],"tags":[],"class_list":["post-64312","post","type-post","status-publish","format-standard","has-post-thumbnail","hentry","category-estado"],"jetpack_featured_media_url":"https:\/\/encuentroinformativo.com.mx\/wp-content\/uploads\/2023\/08\/IMG_20230825_213835433-scaled.jpg","jetpack_sharing_enabled":true,"jetpack_likes_enabled":true,"amp_enabled":true,"_links":{"self":[{"href":"https:\/\/encuentroinformativo.com.mx\/index.php?rest_route=\/wp\/v2\/posts\/64312","targetHints":{"allow":["GET"]}}],"collection":[{"href":"https:\/\/encuentroinformativo.com.mx\/index.php?rest_route=\/wp\/v2\/posts"}],"about":[{"href":"https:\/\/encuentroinformativo.com.mx\/index.php?rest_route=\/wp\/v2\/types\/post"}],"author":[{"embeddable":true,"href":"https:\/\/encuentroinformativo.com.mx\/index.php?rest_route=\/wp\/v2\/users\/2476"}],"replies":[{"embeddable":true,"href":"https:\/\/encuentroinformativo.com.mx\/index.php?rest_route=%2Fwp%2Fv2%2Fcomments&post=64312"}],"version-history":[{"count":2,"href":"https:\/\/encuentroinformativo.com.mx\/index.php?rest_route=\/wp\/v2\/posts\/64312\/revisions"}],"predecessor-version":[{"id":64314,"href":"https:\/\/encuentroinformativo.com.mx\/index.php?rest_route=\/wp\/v2\/posts\/64312\/revisions\/64314"}],"wp:featuredmedia":[{"embeddable":true,"href":"https:\/\/encuentroinformativo.com.mx\/index.php?rest_route=\/wp\/v2\/media\/44497"}],"wp:attachment":[{"href":"https:\/\/encuentroinformativo.com.mx\/index.php?rest_route=%2Fwp%2Fv2%2Fmedia&parent=64312"}],"wp:term":[{"taxonomy":"category","embeddable":true,"href":"https:\/\/encuentroinformativo.com.mx\/index.php?rest_route=%2Fwp%2Fv2%2Fcategories&post=64312"},{"taxonomy":"post_tag","embeddable":true,"href":"https:\/\/encuentroinformativo.com.mx\/index.php?rest_route=%2Fwp%2Fv2%2Ftags&post=64312"}],"curies":[{"name":"wp","href":"https:\/\/api.w.org\/{rel}","templated":true}]}}