{"id":64319,"date":"2025-03-03T11:35:27","date_gmt":"2025-03-03T17:35:27","guid":{"rendered":"https:\/\/encuentroinformativo.com.mx\/?p=64319"},"modified":"2025-03-03T11:35:27","modified_gmt":"2025-03-03T17:35:27","slug":"desde-hace-tres-anos-afectados-por-accidente-esperan-indemnizacion","status":"publish","type":"post","link":"https:\/\/encuentroinformativo.com.mx\/?p=64319","title":{"rendered":"Desde hace tres a\u00f1os, afectados por accidente esperan indemnizaci\u00f3n"},"content":{"rendered":"<p><strong>*Bloquearon carretera Banderilla &#8211; Naolinco.\u00a0<\/strong><\/p>\n<p><strong>Dar\u00edo Pale<\/strong><\/p>\n<p>Xalapa, Ver.- Debido a que desde hace tres a\u00f1os no ha tenido respuesta familiares y amigos de Nancy bloquearon la carretera Banderilla-Misantla, altura de la entrada al municipio de Naolinco solicitan la presencia de los fiscales.<\/p>\n<p>Acompa\u00f1ados de los familiares de otras personas que resultaron heridas en un accidente hace aproximadamente tres a\u00f1os, tomaron la decisi\u00f3n de bloquear la carretera debido a que no ven avances en el caso y no se ha resuelto por lo que piden la intervenci\u00f3n de las autoridades correspondientes.<\/p>\n<p>Debido a que no fueron atendidos tambi\u00e9n cerraron las v\u00edas alternas en la carretera Naolinco &#8211; Tepetlan a la altura del Puente agua Santa, por lo que es dif\u00edcil ingresar y circular por el poblado de Naolinco.<\/p>\n<p>Personal de Tr\u00e1nsito del Estado delegaci\u00f3n Naolinco se encuentra tomando conocimiento y abanderando la zona, ya que los manifestantes no se retirar\u00e1n hasta que sean atendidos por autoridades competentes.<\/p>\n<p>En algunas de las cartulinas que colocaron se\u00f1alan lo siguiente: \u201cSe solicita la presencia del fiscal de distrito y fiscal 18\u201d, \u201cJusticia para Nancy\u201d, \u201cEn un instante me cambiaron la vida para siempre\u201d.<\/p>\n<p>Finalmente cabe recordar que hace aproximadamente 3 a\u00f1os Nancy Luz junto con otras personas resultaron afectadas por un hecho de tr\u00e1nsito en la carretera de Naolinco a la altura de la desviacion a Tepetlan, y donde esta persona perdio la movilidad de las piernas.<\/p>\n<p><img loading=\"lazy\" decoding=\"async\" class=\"alignnone size-medium wp-image-64321\" src=\"https:\/\/encuentroinformativo.com.mx\/wp-content\/uploads\/2025\/03\/IMG-20250303-WA0070-300x225.jpg\" alt=\"\" width=\"300\" height=\"225\" srcset=\"https:\/\/encuentroinformativo.com.mx\/wp-content\/uploads\/2025\/03\/IMG-20250303-WA0070-300x225.jpg 300w, https:\/\/encuentroinformativo.com.mx\/wp-content\/uploads\/2025\/03\/IMG-20250303-WA0070-1024x768.jpg 1024w, https:\/\/encuentroinformativo.com.mx\/wp-content\/uploads\/2025\/03\/IMG-20250303-WA0070-768x576.jpg 768w, https:\/\/encuentroinformativo.com.mx\/wp-content\/uploads\/2025\/03\/IMG-20250303-WA0070-1536x1152.jpg 1536w, https:\/\/encuentroinformativo.com.mx\/wp-content\/uploads\/2025\/03\/IMG-20250303-WA0070.jpg 1600w\" sizes=\"auto, (max-width: 300px) 100vw, 300px\" \/><\/p>\n","protected":false},"excerpt":{"rendered":"<p>*Bloquearon carretera Banderilla &#8211; Naolinco.\u00a0 Dar\u00edo Pale Xalapa, Ver.- Debido a que desde hace tres a\u00f1os no ha tenido respuesta familiares y amigos de Nancy bloquearon la carretera Banderilla-Misantla, altura de la entrada al municipio de Naolinco solicitan la presencia de los fiscales. Acompa\u00f1ados de los familiares de otras personas que resultaron heridas en un [&hellip;]<\/p>\n","protected":false},"author":2476,"featured_media":64320,"comment_status":"open","ping_status":"open","sticky":false,"template":"","format":"standard","meta":{"_jetpack_memberships_contains_paid_content":false,"footnotes":""},"categories":[8],"tags":[],"class_list":["post-64319","post","type-post","status-publish","format-standard","has-post-thumbnail","hentry","category-region"],"jetpack_featured_media_url":"https:\/\/encuentroinformativo.com.mx\/wp-content\/uploads\/2025\/03\/IMG-20250303-WA0065.jpg","jetpack_sharing_enabled":true,"jetpack_likes_enabled":true,"amp_enabled":true,"_links":{"self":[{"href":"https:\/\/encuentroinformativo.com.mx\/index.php?rest_route=\/wp\/v2\/posts\/64319","targetHints":{"allow":["GET"]}}],"collection":[{"href":"https:\/\/encuentroinformativo.com.mx\/index.php?rest_route=\/wp\/v2\/posts"}],"about":[{"href":"https:\/\/encuentroinformativo.com.mx\/index.php?rest_route=\/wp\/v2\/types\/post"}],"author":[{"embeddable":true,"href":"https:\/\/encuentroinformativo.com.mx\/index.php?rest_route=\/wp\/v2\/users\/2476"}],"replies":[{"embeddable":true,"href":"https:\/\/encuentroinformativo.com.mx\/index.php?rest_route=%2Fwp%2Fv2%2Fcomments&post=64319"}],"version-history":[{"count":1,"href":"https:\/\/encuentroinformativo.com.mx\/index.php?rest_route=\/wp\/v2\/posts\/64319\/revisions"}],"predecessor-version":[{"id":64322,"href":"https:\/\/encuentroinformativo.com.mx\/index.php?rest_route=\/wp\/v2\/posts\/64319\/revisions\/64322"}],"wp:featuredmedia":[{"embeddable":true,"href":"https:\/\/encuentroinformativo.com.mx\/index.php?rest_route=\/wp\/v2\/media\/64320"}],"wp:attachment":[{"href":"https:\/\/encuentroinformativo.com.mx\/index.php?rest_route=%2Fwp%2Fv2%2Fmedia&parent=64319"}],"wp:term":[{"taxonomy":"category","embeddable":true,"href":"https:\/\/encuentroinformativo.com.mx\/index.php?rest_route=%2Fwp%2Fv2%2Fcategories&post=64319"},{"taxonomy":"post_tag","embeddable":true,"href":"https:\/\/encuentroinformativo.com.mx\/index.php?rest_route=%2Fwp%2Fv2%2Ftags&post=64319"}],"curies":[{"name":"wp","href":"https:\/\/api.w.org\/{rel}","templated":true}]}}