{"id":64329,"date":"2025-03-03T14:11:17","date_gmt":"2025-03-03T20:11:17","guid":{"rendered":"https:\/\/encuentroinformativo.com.mx\/?p=64329"},"modified":"2025-03-03T14:11:17","modified_gmt":"2025-03-03T20:11:17","slug":"jovenes-optan-por-camino-de-vicios-senala-alianza-estudiantil","status":"publish","type":"post","link":"https:\/\/encuentroinformativo.com.mx\/?p=64329","title":{"rendered":"J\u00f3venes optan por camino de vicios, se\u00f1ala Alianza Estudiantil"},"content":{"rendered":"<p><strong><span style=\"font-size: 1rem;\">Dar\u00edo Pale<\/span><\/strong><\/p>\n<p>Xalapa, Ver.- El presidente de la agrupaci\u00f3n \u201cAlianza Pol\u00edtica Estudiantil\u201d, Diego M\u00e1rquez Garc\u00eda dio a conocer que, los j\u00f3venes se est\u00e1n perdiendo se est\u00e1n yendo por el camino de los vicios, por temas de delincuencia.<\/p>\n<p>En conferencia de prensa coment\u00f3 que lamentablemente en la actualidad los j\u00f3venes se est\u00e1n perdiendo se est\u00e1n yendo por el camino de los vicios, por temas de delincuencia y lo que quieren hacer es que tengan pl\u00e1ticas y acercamiento con personas que tienen \u00e9xitos en alg\u00fan medio para que lo tomen como ejemplo a seguir.<\/p>\n<p>&#8220;En estos espacios tengan acercamientos con personas exitosas y que sean ejemplos a seguir, que aprendan de estas organizaciones, por eso no lo politizamos, pues nosotros financiamos nuestros proyectos&#8221;, coment\u00f3.<\/p>\n<p>Se\u00f1alaron que los programas sociales han existido pero en alg\u00fan momento no se les dio el enfoque debido, en la actualidad los j\u00f3venes son m\u00e1s tomados en cuenta, los apoyos se deben de mantener, pero se le debe de dar una educaci\u00f3n a los j\u00f3venes de c\u00f3mo administrar los recursos que est\u00e1n recibiendo por parte del gobierno.<\/p>\n<p>Dijo que para poder hacer un cambio \u201cprimero debemos de cambiar nosotros mismos y es ahi donde nosotros estamos empezando\u201d.<\/p>\n<p>En otro orden de ideas, explic\u00f3 que hay una gran necesidad por parte de la comunidad estudiantil y de la comunidad de la juventud en poderse involucrar en temas de esta \u00edndole y ante ello dijo que se cre\u00f3 este proyecto de \u201cAlianza Pol\u00edtica Estudiantil\u201d.<\/p>\n<p>Este proyecto se caracteriza por ser una agrupaci\u00f3n apartidista y sin fines de lucro, y qu\u00e9 los pr\u00f3ximos eventos ser\u00e1n en distintos colegios y bachilleres, como pl\u00e1ticas con diferentes temas como el turismo.<\/p>\n<p>Agreg\u00f3 que estar &#8220;pintado&#8221; de alg\u00fan color no es algo malo pues la participaci\u00f3n activa de la juventud es importante, sin embargo dijo que la intenci\u00f3n de ellos es hacer un cambio independiente.<\/p>\n<p>Por \u00faltimo coment\u00f3 que, &#8220;somos para siempre, trabajando d\u00eda a d\u00eda y no solo en temporada electoral, que se abran estos espacios pues a veces como joven no te sientes tal vez representado&#8221;.<\/p>\n","protected":false},"excerpt":{"rendered":"<p>Dar\u00edo Pale Xalapa, Ver.- El presidente de la agrupaci\u00f3n \u201cAlianza Pol\u00edtica Estudiantil\u201d, Diego M\u00e1rquez Garc\u00eda dio a conocer que, los j\u00f3venes se est\u00e1n perdiendo se est\u00e1n yendo por el camino de los vicios, por temas de delincuencia. En conferencia de prensa coment\u00f3 que lamentablemente en la actualidad los j\u00f3venes se est\u00e1n perdiendo se est\u00e1n yendo [&hellip;]<\/p>\n","protected":false},"author":2476,"featured_media":64330,"comment_status":"open","ping_status":"open","sticky":false,"template":"","format":"standard","meta":{"_jetpack_memberships_contains_paid_content":false,"footnotes":""},"categories":[2],"tags":[],"class_list":["post-64329","post","type-post","status-publish","format-standard","has-post-thumbnail","hentry","category-estado"],"jetpack_featured_media_url":"https:\/\/encuentroinformativo.com.mx\/wp-content\/uploads\/2025\/03\/IMG-20250303-WA0191.jpg","jetpack_sharing_enabled":true,"jetpack_likes_enabled":true,"amp_enabled":true,"_links":{"self":[{"href":"https:\/\/encuentroinformativo.com.mx\/index.php?rest_route=\/wp\/v2\/posts\/64329","targetHints":{"allow":["GET"]}}],"collection":[{"href":"https:\/\/encuentroinformativo.com.mx\/index.php?rest_route=\/wp\/v2\/posts"}],"about":[{"href":"https:\/\/encuentroinformativo.com.mx\/index.php?rest_route=\/wp\/v2\/types\/post"}],"author":[{"embeddable":true,"href":"https:\/\/encuentroinformativo.com.mx\/index.php?rest_route=\/wp\/v2\/users\/2476"}],"replies":[{"embeddable":true,"href":"https:\/\/encuentroinformativo.com.mx\/index.php?rest_route=%2Fwp%2Fv2%2Fcomments&post=64329"}],"version-history":[{"count":1,"href":"https:\/\/encuentroinformativo.com.mx\/index.php?rest_route=\/wp\/v2\/posts\/64329\/revisions"}],"predecessor-version":[{"id":64331,"href":"https:\/\/encuentroinformativo.com.mx\/index.php?rest_route=\/wp\/v2\/posts\/64329\/revisions\/64331"}],"wp:featuredmedia":[{"embeddable":true,"href":"https:\/\/encuentroinformativo.com.mx\/index.php?rest_route=\/wp\/v2\/media\/64330"}],"wp:attachment":[{"href":"https:\/\/encuentroinformativo.com.mx\/index.php?rest_route=%2Fwp%2Fv2%2Fmedia&parent=64329"}],"wp:term":[{"taxonomy":"category","embeddable":true,"href":"https:\/\/encuentroinformativo.com.mx\/index.php?rest_route=%2Fwp%2Fv2%2Fcategories&post=64329"},{"taxonomy":"post_tag","embeddable":true,"href":"https:\/\/encuentroinformativo.com.mx\/index.php?rest_route=%2Fwp%2Fv2%2Ftags&post=64329"}],"curies":[{"name":"wp","href":"https:\/\/api.w.org\/{rel}","templated":true}]}}