{"id":64332,"date":"2025-03-03T14:17:08","date_gmt":"2025-03-03T20:17:08","guid":{"rendered":"https:\/\/encuentroinformativo.com.mx\/?p=64332"},"modified":"2025-03-03T14:17:08","modified_gmt":"2025-03-03T20:17:08","slug":"concluyo-pri-registro-de-aspirantes-para-alcaldias","status":"publish","type":"post","link":"https:\/\/encuentroinformativo.com.mx\/?p=64332","title":{"rendered":"Concluy\u00f3 PRI registro de aspirantes para alcald\u00edas"},"content":{"rendered":"<p><strong style=\"font-size: 1rem;\">Dar\u00edo Pale<\/strong><\/p>\n<p>Xalapa, Ver.- El presidente del Comit\u00e9 Directivo Estatal del Partido Revolucionario Institucional (PRI) Adolfo Ram\u00edrez Arana dio a conocer que, concluy\u00f3 el registro de aspirantes a candidatos a las presidencias municipales en Veracruz, presumi\u00f3 que &#8220;miles, cientos y cientos&#8221; de aspirantes participaron.<\/p>\n<p>En conferencia de prensa evit\u00f3 a toda costa dar a conocer la cifra puntual de esos cientos de aspirantes, lo \u00fanico que es seguro es que son 212 hombres y mujeres que habr\u00e1n de caminar para pedir el voto.<\/p>\n<p>&#8220;Tres d\u00edas donde pasaron por el PRI Estatal, miles de simpatizantes y militantes como en los viejos tiempos con un \u00e1nimo extraordinario&#8221;, asegur\u00f3.<\/p>\n<p>En algunos municipios como Tlachichilco, de la zona norte, se registraron hasta 8 y en Xalapa 5 revel\u00f3 el dirigente estatal.<\/p>\n<p>&#8220;Vamos a salir con nuevas caras y tambi\u00e9n con militantes con experiencia como candidatas y candidatos y hoy lo que pide la ciudadan\u00eda es que seamos un partido serio como lo hemos demostrado y el \u00fanico partido de oposici\u00f3n&#8221; dijo.<\/p>\n<p>&#8220;Recibimos cientos de solicitudes para ser candidatos y candidatas. Hoy el PRI est\u00e1 m\u00e1s fuerte que nunca, renovado, mucha participaci\u00f3n de mujeres y j\u00f3venes, vamos a salir con nuevas caras, con militantes, con experiencia. Hoy lo que piden los ciudadanos es que seamos un partido serio y que sigamos siendo el \u00fanico partido de oposici\u00f3n&#8221;, extern\u00f3.<\/p>\n<p>Esquiv\u00f3 dar una cifra puntual de esos cientos, incluso miles que se acercaron al registro, toda vez que la Comisi\u00f3n de Procesos Internos est\u00e1 revisando la documentaci\u00f3n.<\/p>\n<p>Adelant\u00f3 que el d\u00eda 15 de marzo dar\u00e1n a conocer los nombres de las y los candidatos de los 212 candidatos.<\/p>\n<p>&#8220;Mucha participaci\u00f3n como en los viejos tiempos, vivimos una jornada de registro&#8221;, agreg\u00f3 y tambi\u00e9n presumi\u00f3 que en muchos lugares tienen posibilidades de triunfo, pero tampoco dijo cu\u00e1ntos y d\u00f3nde.<\/p>\n<p>Reiter\u00f3 que Movimiento Ciudadano es un lacayo del Gobierno, el PAN est\u00e1 entregado al Gobierno, incluso ya entreg\u00f3 sus dos grandes bastiones y as\u00ed lo seguir\u00e1n haciendo.<\/p>\n<p>Por lo que el PRI es el \u00fanico partido serio y es la \u00fanica propuesta, adem\u00e1s de que son los \u00fanicos que saben dar resultados.<\/p>\n<p>*Presentan 9 denuncias ante el OPLE por actos anticipados de precampa\u00f1as*<\/p>\n<p>Por otra parte, el dirigente partidista mencion\u00f3 que han presentado 9 denuncias ante el OPLE por actos anticipados de precampa\u00f1a, todas contra aspirantes de Morena.<\/p>\n<p>Detall\u00f3 que dichos actos denunciados fueron en Xalapa, C\u00f3rdoba, Boca del R\u00edo, entre otros por pintas de bardas y promoci\u00f3n de nombres.<\/p>\n<p>En ese sentido, dijo que espera que para este proceso electoral el \u00f3rgano electoral local les de la raz\u00f3n, ya que de las 50 denuncias interpuestas en el pasado proceso electoral, &#8220;todas nos las batearon&#8221;.<\/p>\n<p>&#8220;Esperemos que hayan aprendido la lecci\u00f3n las autoridades electorales y ahora pueda haber un proceso, digno, transparente para los ciudadanos&#8221;, destac\u00f3.<\/p>\n","protected":false},"excerpt":{"rendered":"<p>Dar\u00edo Pale Xalapa, Ver.- El presidente del Comit\u00e9 Directivo Estatal del Partido Revolucionario Institucional (PRI) Adolfo Ram\u00edrez Arana dio a conocer que, concluy\u00f3 el registro de aspirantes a candidatos a las presidencias municipales en Veracruz, presumi\u00f3 que &#8220;miles, cientos y cientos&#8221; de aspirantes participaron. En conferencia de prensa evit\u00f3 a toda costa dar a conocer [&hellip;]<\/p>\n","protected":false},"author":2476,"featured_media":64333,"comment_status":"open","ping_status":"open","sticky":false,"template":"","format":"standard","meta":{"_jetpack_memberships_contains_paid_content":false,"footnotes":""},"categories":[2],"tags":[],"class_list":["post-64332","post","type-post","status-publish","format-standard","has-post-thumbnail","hentry","category-estado"],"jetpack_featured_media_url":"https:\/\/encuentroinformativo.com.mx\/wp-content\/uploads\/2025\/03\/IMG-20250303-WA0231.jpg","jetpack_sharing_enabled":true,"jetpack_likes_enabled":true,"amp_enabled":true,"_links":{"self":[{"href":"https:\/\/encuentroinformativo.com.mx\/index.php?rest_route=\/wp\/v2\/posts\/64332","targetHints":{"allow":["GET"]}}],"collection":[{"href":"https:\/\/encuentroinformativo.com.mx\/index.php?rest_route=\/wp\/v2\/posts"}],"about":[{"href":"https:\/\/encuentroinformativo.com.mx\/index.php?rest_route=\/wp\/v2\/types\/post"}],"author":[{"embeddable":true,"href":"https:\/\/encuentroinformativo.com.mx\/index.php?rest_route=\/wp\/v2\/users\/2476"}],"replies":[{"embeddable":true,"href":"https:\/\/encuentroinformativo.com.mx\/index.php?rest_route=%2Fwp%2Fv2%2Fcomments&post=64332"}],"version-history":[{"count":2,"href":"https:\/\/encuentroinformativo.com.mx\/index.php?rest_route=\/wp\/v2\/posts\/64332\/revisions"}],"predecessor-version":[{"id":64335,"href":"https:\/\/encuentroinformativo.com.mx\/index.php?rest_route=\/wp\/v2\/posts\/64332\/revisions\/64335"}],"wp:featuredmedia":[{"embeddable":true,"href":"https:\/\/encuentroinformativo.com.mx\/index.php?rest_route=\/wp\/v2\/media\/64333"}],"wp:attachment":[{"href":"https:\/\/encuentroinformativo.com.mx\/index.php?rest_route=%2Fwp%2Fv2%2Fmedia&parent=64332"}],"wp:term":[{"taxonomy":"category","embeddable":true,"href":"https:\/\/encuentroinformativo.com.mx\/index.php?rest_route=%2Fwp%2Fv2%2Fcategories&post=64332"},{"taxonomy":"post_tag","embeddable":true,"href":"https:\/\/encuentroinformativo.com.mx\/index.php?rest_route=%2Fwp%2Fv2%2Ftags&post=64332"}],"curies":[{"name":"wp","href":"https:\/\/api.w.org\/{rel}","templated":true}]}}