{"id":6434,"date":"2020-10-02T11:53:10","date_gmt":"2020-10-02T16:53:10","guid":{"rendered":"https:\/\/encuentroinformativo.com.mx\/?p=6434"},"modified":"2020-10-02T11:53:13","modified_gmt":"2020-10-02T16:53:13","slug":"policia-no-resguardo-edificios-religiosos-reprocha-frente-por-la-familia","status":"publish","type":"post","link":"https:\/\/encuentroinformativo.com.mx\/?p=6434","title":{"rendered":"Polic\u00eda no resguard\u00f3 edificios religiosos, reprocha Frente por la Familia"},"content":{"rendered":"\n<p><strong>Dar\u00edo Pale <\/strong><\/p>\n\n\n\n<p>Xalapa, Ver.- Reprochan al Gobierno del Estado que a diferencia de los edificios p\u00fablicos y comercios, la Polic\u00eda estatal no resguard\u00f3 la Catedral Metropolitana de Xalapa para evitar que fuera vandalizada el pasado lunes por \u00a0activistas feministas luego de la marcha por la legalizaci\u00f3n del aborto, as\u00ed lo se\u00f1al\u00f3 el presidente del Frente Nacional por la Familia en Xalapa Ignacio Guadarrama Ram\u00edrez.<\/p>\n\n\n\n<p>En conferencia de prensa realizada en conocido caf\u00e9 del centro de Xalapa dieron a conocer que, &#8220;debemos ser parejos, equitativos. La autoridad es para todos, no nada m\u00e1s para una parte de la poblaci\u00f3n&#8230; la vimos omisa y con consigna para resguardar lo que a ellos les interesaba&#8221;, se\u00f1al\u00f3 en entrevista.<\/p>\n\n\n\n<p>Neg\u00f3 que hayan expuesto a los cat\u00f3licos que hicieron una cadena humana en la entrada a la Catedral a un enfrentamiento o choque con las manifestantes que pugnan por la despenalizaci\u00f3n del aborto.<\/p>\n\n\n\n<p>&#8220;Simplemente hicieron una cadena para impedir que las feministas radicales da\u00f1aran o agredieran los templos&#8221;, coment\u00f3.<\/p>\n\n\n\n<p><strong>Caravana contra aborto <\/strong><\/p>\n\n\n\n<p>En otro orden de ideas convocaron a una caravana de autom\u00f3viles \u00a0este s\u00e1bado para pronunciarse en contra de la legalizaci\u00f3n de la interrupci\u00f3n del embarazo.<\/p>\n\n\n\n<p>Por \u00faltimo dieron a conocer que la caravana dar\u00e1 inicio a las 11 de la ma\u00f1ana, del Teatro del Estado con direcci\u00f3n al centro de esta capital.<\/p>\n","protected":false},"excerpt":{"rendered":"<p>Dar\u00edo Pale Xalapa, Ver.- Reprochan al Gobierno del Estado que a diferencia de los edificios p\u00fablicos y comercios, la Polic\u00eda estatal no resguard\u00f3 la Catedral Metropolitana de Xalapa para evitar que fuera vandalizada el pasado lunes por \u00a0activistas feministas luego de la marcha por la legalizaci\u00f3n del aborto, as\u00ed lo se\u00f1al\u00f3 el presidente del Frente [&hellip;]<\/p>\n","protected":false},"author":1,"featured_media":6435,"comment_status":"open","ping_status":"open","sticky":false,"template":"","format":"standard","meta":{"_jetpack_memberships_contains_paid_content":false,"footnotes":""},"categories":[3],"tags":[],"class_list":["post-6434","post","type-post","status-publish","format-standard","has-post-thumbnail","hentry","category-xalapa"],"jetpack_featured_media_url":"https:\/\/encuentroinformativo.com.mx\/wp-content\/uploads\/2020\/10\/D151EA29-3E1E-48D7-B705-BC245645B89C.jpeg","jetpack_sharing_enabled":true,"jetpack_likes_enabled":true,"amp_enabled":true,"_links":{"self":[{"href":"https:\/\/encuentroinformativo.com.mx\/index.php?rest_route=\/wp\/v2\/posts\/6434","targetHints":{"allow":["GET"]}}],"collection":[{"href":"https:\/\/encuentroinformativo.com.mx\/index.php?rest_route=\/wp\/v2\/posts"}],"about":[{"href":"https:\/\/encuentroinformativo.com.mx\/index.php?rest_route=\/wp\/v2\/types\/post"}],"author":[{"embeddable":true,"href":"https:\/\/encuentroinformativo.com.mx\/index.php?rest_route=\/wp\/v2\/users\/1"}],"replies":[{"embeddable":true,"href":"https:\/\/encuentroinformativo.com.mx\/index.php?rest_route=%2Fwp%2Fv2%2Fcomments&post=6434"}],"version-history":[{"count":1,"href":"https:\/\/encuentroinformativo.com.mx\/index.php?rest_route=\/wp\/v2\/posts\/6434\/revisions"}],"predecessor-version":[{"id":6436,"href":"https:\/\/encuentroinformativo.com.mx\/index.php?rest_route=\/wp\/v2\/posts\/6434\/revisions\/6436"}],"wp:featuredmedia":[{"embeddable":true,"href":"https:\/\/encuentroinformativo.com.mx\/index.php?rest_route=\/wp\/v2\/media\/6435"}],"wp:attachment":[{"href":"https:\/\/encuentroinformativo.com.mx\/index.php?rest_route=%2Fwp%2Fv2%2Fmedia&parent=6434"}],"wp:term":[{"taxonomy":"category","embeddable":true,"href":"https:\/\/encuentroinformativo.com.mx\/index.php?rest_route=%2Fwp%2Fv2%2Fcategories&post=6434"},{"taxonomy":"post_tag","embeddable":true,"href":"https:\/\/encuentroinformativo.com.mx\/index.php?rest_route=%2Fwp%2Fv2%2Ftags&post=6434"}],"curies":[{"name":"wp","href":"https:\/\/api.w.org\/{rel}","templated":true}]}}