{"id":64341,"date":"2025-03-03T14:31:09","date_gmt":"2025-03-03T20:31:09","guid":{"rendered":"https:\/\/encuentroinformativo.com.mx\/?p=64341"},"modified":"2025-03-03T14:31:09","modified_gmt":"2025-03-03T20:31:09","slug":"comerciantes-acusan-cobros-excesivos-de-impuestos-en-minatitlan-senalan-al-ayuntamiento","status":"publish","type":"post","link":"https:\/\/encuentroinformativo.com.mx\/?p=64341","title":{"rendered":"Comerciantes acusan cobros excesivos de impuestos en Minatitl\u00e1n;\u00a0 se\u00f1alan al Ayuntamiento\u00a0\u00a0"},"content":{"rendered":"<p><strong style=\"font-size: 1rem;\">Alejandro \u00c1vila<\/strong><\/p>\n<p>Minatitl\u00e1n, Ver.- Al grito de, \u00a1no m\u00e1s abusos!, decenas de comerciantes del municipio de Minatitl\u00e1n se manifestaron en contra de la alcaldesa, Carmen Medel Palma, por el excesivo cobro de impuestos que ha estipulado en \u00faltimas fechas.<\/p>\n<p>Los afectados se\u00f1alaron que la presidenta municipal ha puesto, a partir de este 2025, cobros de impuestos excesivos e incluso, a amenazado a los comerciantes con cerrarle sus negocios si estos no cumplen con lo las nuevas disposiciones fiscales que implement\u00f3.<\/p>\n<p>Los cobros, se\u00f1alan, van desde los 30 mil hasta los 110 mil pesos, dependiendo del rubro y del tama\u00f1o del establecimiento, por lo cual, ante la visita de la gobernadora, Roc\u00edo Nahle Garc\u00eda, este lunes, al municipio vecino de Coatzacoalcos, con motivo de la Mesa de Seguridad, los comerciantes realizaron una marcha sobre las principales calles y con rumbo al palacio municipal.<\/p>\n<p><img loading=\"lazy\" decoding=\"async\" class=\"alignnone size-medium wp-image-64344\" src=\"https:\/\/encuentroinformativo.com.mx\/wp-content\/uploads\/2025\/03\/IMG-20250303-WA0072-300x225.jpg\" alt=\"\" width=\"300\" height=\"225\" srcset=\"https:\/\/encuentroinformativo.com.mx\/wp-content\/uploads\/2025\/03\/IMG-20250303-WA0072-300x225.jpg 300w, https:\/\/encuentroinformativo.com.mx\/wp-content\/uploads\/2025\/03\/IMG-20250303-WA0072-1024x768.jpg 1024w, https:\/\/encuentroinformativo.com.mx\/wp-content\/uploads\/2025\/03\/IMG-20250303-WA0072-768x576.jpg 768w, https:\/\/encuentroinformativo.com.mx\/wp-content\/uploads\/2025\/03\/IMG-20250303-WA0072-1536x1152.jpg 1536w, https:\/\/encuentroinformativo.com.mx\/wp-content\/uploads\/2025\/03\/IMG-20250303-WA0072.jpg 1600w\" sizes=\"auto, (max-width: 300px) 100vw, 300px\" \/><\/p>\n","protected":false},"excerpt":{"rendered":"<p>Alejandro \u00c1vila Minatitl\u00e1n, Ver.- Al grito de, \u00a1no m\u00e1s abusos!, decenas de comerciantes del municipio de Minatitl\u00e1n se manifestaron en contra de la alcaldesa, Carmen Medel Palma, por el excesivo cobro de impuestos que ha estipulado en \u00faltimas fechas. Los afectados se\u00f1alaron que la presidenta municipal ha puesto, a partir de este 2025, cobros de [&hellip;]<\/p>\n","protected":false},"author":2476,"featured_media":64342,"comment_status":"open","ping_status":"open","sticky":false,"template":"","format":"standard","meta":{"_jetpack_memberships_contains_paid_content":false,"footnotes":""},"categories":[2],"tags":[],"class_list":["post-64341","post","type-post","status-publish","format-standard","has-post-thumbnail","hentry","category-estado"],"jetpack_featured_media_url":"https:\/\/encuentroinformativo.com.mx\/wp-content\/uploads\/2025\/03\/IMG-20250303-WA0076.jpg","jetpack_sharing_enabled":true,"jetpack_likes_enabled":true,"amp_enabled":true,"_links":{"self":[{"href":"https:\/\/encuentroinformativo.com.mx\/index.php?rest_route=\/wp\/v2\/posts\/64341","targetHints":{"allow":["GET"]}}],"collection":[{"href":"https:\/\/encuentroinformativo.com.mx\/index.php?rest_route=\/wp\/v2\/posts"}],"about":[{"href":"https:\/\/encuentroinformativo.com.mx\/index.php?rest_route=\/wp\/v2\/types\/post"}],"author":[{"embeddable":true,"href":"https:\/\/encuentroinformativo.com.mx\/index.php?rest_route=\/wp\/v2\/users\/2476"}],"replies":[{"embeddable":true,"href":"https:\/\/encuentroinformativo.com.mx\/index.php?rest_route=%2Fwp%2Fv2%2Fcomments&post=64341"}],"version-history":[{"count":2,"href":"https:\/\/encuentroinformativo.com.mx\/index.php?rest_route=\/wp\/v2\/posts\/64341\/revisions"}],"predecessor-version":[{"id":64345,"href":"https:\/\/encuentroinformativo.com.mx\/index.php?rest_route=\/wp\/v2\/posts\/64341\/revisions\/64345"}],"wp:featuredmedia":[{"embeddable":true,"href":"https:\/\/encuentroinformativo.com.mx\/index.php?rest_route=\/wp\/v2\/media\/64342"}],"wp:attachment":[{"href":"https:\/\/encuentroinformativo.com.mx\/index.php?rest_route=%2Fwp%2Fv2%2Fmedia&parent=64341"}],"wp:term":[{"taxonomy":"category","embeddable":true,"href":"https:\/\/encuentroinformativo.com.mx\/index.php?rest_route=%2Fwp%2Fv2%2Fcategories&post=64341"},{"taxonomy":"post_tag","embeddable":true,"href":"https:\/\/encuentroinformativo.com.mx\/index.php?rest_route=%2Fwp%2Fv2%2Ftags&post=64341"}],"curies":[{"name":"wp","href":"https:\/\/api.w.org\/{rel}","templated":true}]}}