{"id":64350,"date":"2025-03-03T14:46:54","date_gmt":"2025-03-03T20:46:54","guid":{"rendered":"https:\/\/encuentroinformativo.com.mx\/?p=64350"},"modified":"2025-03-03T14:46:54","modified_gmt":"2025-03-03T20:46:54","slug":"exigen-justicia-para-carlos-victima-del-ataque-en-taller-mecanico-de-coatzacoalcos","status":"publish","type":"post","link":"https:\/\/encuentroinformativo.com.mx\/?p=64350","title":{"rendered":"Exigen justicia para Carlos, v\u00edctima del ataque en taller mec\u00e1nico de Coatzacoalcos"},"content":{"rendered":"<p><strong style=\"font-size: 1rem;\">Con informaci\u00f3n de Osvaldo Antonio Sotelo<\/strong><\/p>\n<p>Coatzacoalcos, Ver.- Alfredo Herrera, padre de Carlos Herrera Dom\u00ednguez, vive un dolor insoportable tras la p\u00e9rdida de su hijo, una de las cuatro v\u00edctimas del ataque armado ocurrido hace tres d\u00edas en un taller mec\u00e1nico de la colonia Playa Sol.<\/p>\n<p>En medio de su duelo, alz\u00f3 la voz para exigir justicia, denunciando la falta de avances en la investigaci\u00f3n y la indiferencia de las autoridades.<\/p>\n<p>&#8220;Yo me estoy muriendo por dentro por mi hijo, porque era mi adoraci\u00f3n, era lo m\u00e1ximo para m\u00ed&#8221;, expresa entre l\u00e1grimas.<\/p>\n<p>Carlos, de apenas 21 a\u00f1os, hab\u00eda dedicado su vida al trabajo desde los 8 a\u00f1os, aprendiendo mec\u00e1nica con el sue\u00f1o de convertirse en un profesional.<\/p>\n<p>Hace un tiempo hab\u00eda regresado de Tijuana a la ciudad de Coatzacoalcos, donde buscaba perfeccionar su oficio.<\/p>\n<p>A pesar de los d\u00edas transcurridos desde el crimen, su familia a\u00fan no ha podido sepultarlo.<\/p>\n<p>&#8220;Todav\u00eda no lo he podido enterrar porque no me han entregado ni sus pertenencias ni los papeles necesarios. Llevo casi tres d\u00edas con mi hijo en un ata\u00fad en mi casa, y la fiscal\u00eda no nos ha dado ninguna respuesta&#8221;, denunci\u00f3.<\/p>\n<p>El dolor es doblemente cruel para su familia. Su esposa est\u00e1 gravemente enferma, y su nuera apenas puede soportar la tragedia.<\/p>\n<p>&#8220;Yo me dedico a la construcci\u00f3n, soy alba\u00f1il, y ahora tambi\u00e9n tengo que afrontar los gastos del funeral. Mi hijo era quien m\u00e1s conviv\u00eda conmigo, mi compa\u00f1ero de vida. Ahora me lo arrebataron sin motivo&#8221;, refiri\u00f3.<\/p>\n<p>Por lo pronto ninguna autoridad ha visitado su hogar ni se ha comunicado con la familia para ofrecer apoyo o informaci\u00f3n sobre las investigaciones.<\/p>\n<p>\u00danicamente est\u00e1 ma\u00f1ana don Alfredo logr\u00f3 entablar un di\u00e1logo breve con la gobernadora Roc\u00edo Nahle, antes de que ella ingresar\u00e1 a la Mesa de Seguridad que se realiz\u00f3 est\u00e1 ma\u00f1ana en el palacio municipal de Coatzacoalcos.<\/p>\n","protected":false},"excerpt":{"rendered":"<p>Con informaci\u00f3n de Osvaldo Antonio Sotelo Coatzacoalcos, Ver.- Alfredo Herrera, padre de Carlos Herrera Dom\u00ednguez, vive un dolor insoportable tras la p\u00e9rdida de su hijo, una de las cuatro v\u00edctimas del ataque armado ocurrido hace tres d\u00edas en un taller mec\u00e1nico de la colonia Playa Sol. En medio de su duelo, alz\u00f3 la voz para [&hellip;]<\/p>\n","protected":false},"author":2476,"featured_media":64351,"comment_status":"open","ping_status":"open","sticky":false,"template":"","format":"standard","meta":{"_jetpack_memberships_contains_paid_content":false,"footnotes":""},"categories":[2],"tags":[],"class_list":["post-64350","post","type-post","status-publish","format-standard","has-post-thumbnail","hentry","category-estado"],"jetpack_featured_media_url":"https:\/\/encuentroinformativo.com.mx\/wp-content\/uploads\/2025\/03\/IMG-20250303-WA01872-scaled.jpg","jetpack_sharing_enabled":true,"jetpack_likes_enabled":true,"amp_enabled":true,"_links":{"self":[{"href":"https:\/\/encuentroinformativo.com.mx\/index.php?rest_route=\/wp\/v2\/posts\/64350","targetHints":{"allow":["GET"]}}],"collection":[{"href":"https:\/\/encuentroinformativo.com.mx\/index.php?rest_route=\/wp\/v2\/posts"}],"about":[{"href":"https:\/\/encuentroinformativo.com.mx\/index.php?rest_route=\/wp\/v2\/types\/post"}],"author":[{"embeddable":true,"href":"https:\/\/encuentroinformativo.com.mx\/index.php?rest_route=\/wp\/v2\/users\/2476"}],"replies":[{"embeddable":true,"href":"https:\/\/encuentroinformativo.com.mx\/index.php?rest_route=%2Fwp%2Fv2%2Fcomments&post=64350"}],"version-history":[{"count":2,"href":"https:\/\/encuentroinformativo.com.mx\/index.php?rest_route=\/wp\/v2\/posts\/64350\/revisions"}],"predecessor-version":[{"id":64353,"href":"https:\/\/encuentroinformativo.com.mx\/index.php?rest_route=\/wp\/v2\/posts\/64350\/revisions\/64353"}],"wp:featuredmedia":[{"embeddable":true,"href":"https:\/\/encuentroinformativo.com.mx\/index.php?rest_route=\/wp\/v2\/media\/64351"}],"wp:attachment":[{"href":"https:\/\/encuentroinformativo.com.mx\/index.php?rest_route=%2Fwp%2Fv2%2Fmedia&parent=64350"}],"wp:term":[{"taxonomy":"category","embeddable":true,"href":"https:\/\/encuentroinformativo.com.mx\/index.php?rest_route=%2Fwp%2Fv2%2Fcategories&post=64350"},{"taxonomy":"post_tag","embeddable":true,"href":"https:\/\/encuentroinformativo.com.mx\/index.php?rest_route=%2Fwp%2Fv2%2Ftags&post=64350"}],"curies":[{"name":"wp","href":"https:\/\/api.w.org\/{rel}","templated":true}]}}