{"id":64368,"date":"2025-03-03T13:31:57","date_gmt":"2025-03-03T19:31:57","guid":{"rendered":"https:\/\/encuentroinformativo.com.mx\/?p=64368"},"modified":"2025-03-03T19:37:51","modified_gmt":"2025-03-04T01:37:51","slug":"en-hospital-civil-acusan-mano-negra-en-designacion-de-jefa-de-enfermeras","status":"publish","type":"post","link":"https:\/\/encuentroinformativo.com.mx\/?p=64368","title":{"rendered":"En Hospital Civil, acusan &#8220;mano negra&#8221; en designaci\u00f3n de jefa de enfermeras"},"content":{"rendered":"<p><strong><span style=\"font-size: 1rem;\">Dar\u00edo Pale<\/span><\/strong><\/p>\n<p>Xalapa, Ver.- Debido a que acusan que hubo \u201cmano negra\u201d en la designaci\u00f3n de la jefa de enfermeras en el Hospital Regional &#8220;Dr. Luis F. Nach\u00f3n&#8221;, protestaron este lunes afuera del nosocomio, por el proceso de designaci\u00f3n de la nueva jefa de Enfermer\u00eda, Yeni Ju\u00e1rez.<\/p>\n<p>Entrevistada durante la manifestaci\u00f3n la enfermera Rosa Mar\u00eda Carreto Luna, junto con otras enfermeras inconformes denunciaron que por a\u00f1os han sido objeto de maltratos por parte de la actual jefa Rubisela L\u00f3pez Solis.<\/p>\n<p>Las enfermeras acusaron que posiblemente hubo &#8220;mano negra&#8221; en la designaci\u00f3n, porque ya sab\u00edan qui\u00e9n iba a ser la nueva jefa a\u00fan antes de que se emitiera la convocatoria.<\/p>\n<p>&#8220;Se convoca, entrega uno documentos, espera uno la entrevista, cosa que nunca nos llamaron, ella ya estaba de jefa y los dem\u00e1s fri\u00e9guense, eso no se vale, debe haber m\u00e1s respeto para nosotras\u201d, se\u00f1al\u00f3.<\/p>\n<p>\u201cEllos ponen a su jefa de enfermeras a su gusto. Solamente entrevistaron a tres. Ella acaba de llegar hace a\u00f1o y medio, pero el rumor es que es familiar de la actual jefa que no ha hecho un desempe\u00f1o adecuado&#8221;, agreg\u00f3.<\/p>\n<p>Criticaron que se le haya dado el cargo a Yeni Ju\u00e1rez, toda vez que no cumple con la antig\u00fcedad requerida.<\/p>\n<p>Finalmente este d\u00eda pidieron hablar con el director del Hospital, Antonio V\u00e1zquez para exponer sus inconformidades, de lo contrario, tomar\u00e1n otras acciones.<\/p>\n","protected":false},"excerpt":{"rendered":"<p>Dar\u00edo Pale Xalapa, Ver.- Debido a que acusan que hubo \u201cmano negra\u201d en la designaci\u00f3n de la jefa de enfermeras en el Hospital Regional &#8220;Dr. Luis F. Nach\u00f3n&#8221;, protestaron este lunes afuera del nosocomio, por el proceso de designaci\u00f3n de la nueva jefa de Enfermer\u00eda, Yeni Ju\u00e1rez. Entrevistada durante la manifestaci\u00f3n la enfermera Rosa Mar\u00eda [&hellip;]<\/p>\n","protected":false},"author":2476,"featured_media":64369,"comment_status":"open","ping_status":"open","sticky":false,"template":"","format":"standard","meta":{"_jetpack_memberships_contains_paid_content":false,"footnotes":""},"categories":[9],"tags":[],"class_list":["post-64368","post","type-post","status-publish","format-standard","has-post-thumbnail","hentry","category-salud"],"jetpack_featured_media_url":"https:\/\/encuentroinformativo.com.mx\/wp-content\/uploads\/2025\/03\/IMG-20250303-WA0265.jpg","jetpack_sharing_enabled":true,"jetpack_likes_enabled":true,"amp_enabled":true,"_links":{"self":[{"href":"https:\/\/encuentroinformativo.com.mx\/index.php?rest_route=\/wp\/v2\/posts\/64368","targetHints":{"allow":["GET"]}}],"collection":[{"href":"https:\/\/encuentroinformativo.com.mx\/index.php?rest_route=\/wp\/v2\/posts"}],"about":[{"href":"https:\/\/encuentroinformativo.com.mx\/index.php?rest_route=\/wp\/v2\/types\/post"}],"author":[{"embeddable":true,"href":"https:\/\/encuentroinformativo.com.mx\/index.php?rest_route=\/wp\/v2\/users\/2476"}],"replies":[{"embeddable":true,"href":"https:\/\/encuentroinformativo.com.mx\/index.php?rest_route=%2Fwp%2Fv2%2Fcomments&post=64368"}],"version-history":[{"count":1,"href":"https:\/\/encuentroinformativo.com.mx\/index.php?rest_route=\/wp\/v2\/posts\/64368\/revisions"}],"predecessor-version":[{"id":64370,"href":"https:\/\/encuentroinformativo.com.mx\/index.php?rest_route=\/wp\/v2\/posts\/64368\/revisions\/64370"}],"wp:featuredmedia":[{"embeddable":true,"href":"https:\/\/encuentroinformativo.com.mx\/index.php?rest_route=\/wp\/v2\/media\/64369"}],"wp:attachment":[{"href":"https:\/\/encuentroinformativo.com.mx\/index.php?rest_route=%2Fwp%2Fv2%2Fmedia&parent=64368"}],"wp:term":[{"taxonomy":"category","embeddable":true,"href":"https:\/\/encuentroinformativo.com.mx\/index.php?rest_route=%2Fwp%2Fv2%2Fcategories&post=64368"},{"taxonomy":"post_tag","embeddable":true,"href":"https:\/\/encuentroinformativo.com.mx\/index.php?rest_route=%2Fwp%2Fv2%2Ftags&post=64368"}],"curies":[{"name":"wp","href":"https:\/\/api.w.org\/{rel}","templated":true}]}}