{"id":64371,"date":"2025-03-03T20:13:46","date_gmt":"2025-03-04T02:13:46","guid":{"rendered":"https:\/\/encuentroinformativo.com.mx\/?p=64371"},"modified":"2025-03-03T20:13:46","modified_gmt":"2025-03-04T02:13:46","slug":"reconoce-alcalde-jm-unanue-labor-de-amanc-a-favor-de-ninas-y-ninos-con-cancer","status":"publish","type":"post","link":"https:\/\/encuentroinformativo.com.mx\/?p=64371","title":{"rendered":"Reconoce Alcalde JM Un\u00e1nue labor de AMANC a favor de ni\u00f1as y ni\u00f1os con c\u00e1ncer"},"content":{"rendered":"<p><strong><span style=\"font-size: 1rem;\">* De Un\u00e1nue Abascal hizo entrega de un donativo a esta asociaci\u00f3n para seguir apoyando a quienes m\u00e1s lo necesitan.<\/span><\/strong><\/p>\n<p>Boca del R\u00edo, Ver.- El Ayuntamiento de Boca del R\u00edo y el DIF Municipal, mantienen su compromiso de seguir apoyando a las familias que m\u00e1s lo necesitan y que atraviesan un dif\u00edcil camino al enfrentar el c\u00e1ncer infantil en cualquiera de sus etapas.<\/p>\n<p>Es por ello y que trabajando de la mano con organizaciones que hacen la diferencia, el alcalde Juan Manuel Un\u00e1nue Abascal junto su esposa, la presidenta del DIF municipal, Melina Rivera de Un\u00e1nue, hicieron entrega de donativos con causa a la Asociaci\u00f3n Mexicana de Ayuda a Ni\u00f1os con C\u00e1ncer.<\/p>\n<p>\u201cCon mucho cari\u00f1o entregamos un donativo con la esperanza de que contin\u00faen esta noble misi\u00f3n. Apoyar a AMANC es apostar por la vida, los sue\u00f1os y un futuro lleno de oportunidades para estos peque\u00f1os guerreros\u201d, expres\u00f3 De Un\u00e1nue Abascal.<\/p>\n<p>En el marco del 20\u00ba aniversario de la Asociaci\u00f3n Mexicana de Ayuda a Ni\u00f1os con C\u00e1ncer Veracruz, la autoridad municipal, as\u00ed como la Presidenta del DIF boque\u00f1o, Melina Rivera de Un\u00e1nue, les dieron la bienvenida al Palacio Municipal a familias beneficiadas, as\u00ed como a ni\u00f1os con c\u00e1ncer.<\/p>\n<p>Ambos enfatizaron que la suma de esfuerzos desde todos los \u00e1mbitos de la sociedad, en este caso el Ayuntamiento de Boca del R\u00edo y AMANC Veracruz, impulsan a trav\u00e9s de este importante donativo mejores oportunidades de curaci\u00f3n a partir de diagn\u00f3sticos oportunos y tratamientos de calidad a trav\u00e9s de una atenci\u00f3n c\u00e1lida y un acompa\u00f1amiento amigable.<\/p>\n<p>Rivera de Un\u00e1nue coment\u00f3 que este donativo fue recaudado a trav\u00e9s del \u201cKaraoke con Causa\u201d a cargo del voluntariado DIF, para brindar amor, apoyo y oportunidades, el cual fue entregado a la Presidenta AMAC Veracruz, Susana Lara Garc\u00eda.<\/p>\n<p>Tambi\u00e9n se hizo entrega de un cheque con lo recaudado en la \u201cTardeada con Causa\u201d.<\/p>\n<p>Finalmente, el Presidente Municipal de Boca del R\u00edo, Juan Manuel Un\u00e1nue Abascal, les reiter\u00f3 su compromiso para seguir trabajando a favor de todos, pero sobre todo de quienes m\u00e1s necesiten de un respaldo fraterno.<\/p>\n<p><img loading=\"lazy\" decoding=\"async\" class=\"alignnone size-medium wp-image-64373\" src=\"https:\/\/encuentroinformativo.com.mx\/wp-content\/uploads\/2025\/03\/IMG-20250303-WA0527-300x200.jpg\" alt=\"\" width=\"300\" height=\"200\" srcset=\"https:\/\/encuentroinformativo.com.mx\/wp-content\/uploads\/2025\/03\/IMG-20250303-WA0527-300x200.jpg 300w, https:\/\/encuentroinformativo.com.mx\/wp-content\/uploads\/2025\/03\/IMG-20250303-WA0527-1024x684.jpg 1024w, https:\/\/encuentroinformativo.com.mx\/wp-content\/uploads\/2025\/03\/IMG-20250303-WA0527-768x513.jpg 768w, https:\/\/encuentroinformativo.com.mx\/wp-content\/uploads\/2025\/03\/IMG-20250303-WA0527.jpg 1280w\" sizes=\"auto, (max-width: 300px) 100vw, 300px\" \/><\/p>\n","protected":false},"excerpt":{"rendered":"<p>* De Un\u00e1nue Abascal hizo entrega de un donativo a esta asociaci\u00f3n para seguir apoyando a quienes m\u00e1s lo necesitan. Boca del R\u00edo, Ver.- El Ayuntamiento de Boca del R\u00edo y el DIF Municipal, mantienen su compromiso de seguir apoyando a las familias que m\u00e1s lo necesitan y que atraviesan un dif\u00edcil camino al enfrentar [&hellip;]<\/p>\n","protected":false},"author":2476,"featured_media":64372,"comment_status":"open","ping_status":"open","sticky":false,"template":"","format":"standard","meta":{"_jetpack_memberships_contains_paid_content":false,"footnotes":""},"categories":[2],"tags":[],"class_list":["post-64371","post","type-post","status-publish","format-standard","has-post-thumbnail","hentry","category-estado"],"jetpack_featured_media_url":"https:\/\/encuentroinformativo.com.mx\/wp-content\/uploads\/2025\/03\/IMG-20250303-WA0525.jpg","jetpack_sharing_enabled":true,"jetpack_likes_enabled":true,"amp_enabled":true,"_links":{"self":[{"href":"https:\/\/encuentroinformativo.com.mx\/index.php?rest_route=\/wp\/v2\/posts\/64371","targetHints":{"allow":["GET"]}}],"collection":[{"href":"https:\/\/encuentroinformativo.com.mx\/index.php?rest_route=\/wp\/v2\/posts"}],"about":[{"href":"https:\/\/encuentroinformativo.com.mx\/index.php?rest_route=\/wp\/v2\/types\/post"}],"author":[{"embeddable":true,"href":"https:\/\/encuentroinformativo.com.mx\/index.php?rest_route=\/wp\/v2\/users\/2476"}],"replies":[{"embeddable":true,"href":"https:\/\/encuentroinformativo.com.mx\/index.php?rest_route=%2Fwp%2Fv2%2Fcomments&post=64371"}],"version-history":[{"count":1,"href":"https:\/\/encuentroinformativo.com.mx\/index.php?rest_route=\/wp\/v2\/posts\/64371\/revisions"}],"predecessor-version":[{"id":64374,"href":"https:\/\/encuentroinformativo.com.mx\/index.php?rest_route=\/wp\/v2\/posts\/64371\/revisions\/64374"}],"wp:featuredmedia":[{"embeddable":true,"href":"https:\/\/encuentroinformativo.com.mx\/index.php?rest_route=\/wp\/v2\/media\/64372"}],"wp:attachment":[{"href":"https:\/\/encuentroinformativo.com.mx\/index.php?rest_route=%2Fwp%2Fv2%2Fmedia&parent=64371"}],"wp:term":[{"taxonomy":"category","embeddable":true,"href":"https:\/\/encuentroinformativo.com.mx\/index.php?rest_route=%2Fwp%2Fv2%2Fcategories&post=64371"},{"taxonomy":"post_tag","embeddable":true,"href":"https:\/\/encuentroinformativo.com.mx\/index.php?rest_route=%2Fwp%2Fv2%2Ftags&post=64371"}],"curies":[{"name":"wp","href":"https:\/\/api.w.org\/{rel}","templated":true}]}}