{"id":64379,"date":"2025-03-04T10:30:29","date_gmt":"2025-03-04T16:30:29","guid":{"rendered":"https:\/\/encuentroinformativo.com.mx\/?p=64379"},"modified":"2025-03-04T10:30:29","modified_gmt":"2025-03-04T16:30:29","slug":"con-bloqueos-piden-agilizar-busqueda-de-menor-desaparecido-en-banderilla","status":"publish","type":"post","link":"https:\/\/encuentroinformativo.com.mx\/?p=64379","title":{"rendered":"Con bloqueos, piden agilizar b\u00fasqueda de menor desaparecido en Banderilla"},"content":{"rendered":"<p><strong><span style=\"font-size: 1rem;\">Dar\u00edo Pale<\/span><\/strong><\/p>\n<p>Xalapa, Ver.- Familiares y amigos del ni\u00f1o Antonio Reyes Moguel se manifestaron sobre el bulevar Xalapa-Banderilla para solicitar la intervenci\u00f3n de las autoridades para encontrar con vida al menor.<\/p>\n<p>Aproximadamente desde las 08:15 horas bloquearon la carretera federal 140 a la altura del gallito en el municipio de Banderilla donde con lonas y cartulinas solicitaron la intervenci\u00f3n de las autoridades del gobierno del estado para localizar al menor Antonio Reyes Moguel de 13 a\u00f1os quien desapareci\u00f3 el pasado 27 de febrero.<\/p>\n<p>El padre del menor se\u00f1al\u00f3 que llegar\u00e1 hasta las \u00faltimas consecuencias y que si quieren dinero que le digan es capaz de pagar lo que quieran, pero no se han comunicado con \u00e9l y dijo que lo quiere de regreso con vida.<\/p>\n<p>Lanz\u00f3 un mensaje a quien o a los que supuestamente secuestraron a su hijo para que se lo devuelvan con vida, y piden que a trav\u00e9s de las c\u00e1maras del C4 se le de seguimiento.<\/p>\n<p>Al lugar del bloqueo llegaron elementos de Tr\u00e1nsito del estado, de Seguridad p\u00fablica y de la polic\u00eda ministerial para resguardar a los manifestantes y atender a los manifestantes.<\/p>\n<p>Despu\u00e9s de dialogar con algunas autoridades retiraron el bloqueo a las 09:45 horas y se trasladaron al palacio municipal de Banderilla.<\/p>\n<p><img loading=\"lazy\" decoding=\"async\" class=\"alignnone size-medium wp-image-64381\" src=\"https:\/\/encuentroinformativo.com.mx\/wp-content\/uploads\/2025\/03\/Photo_1741105373303-300x138.jpg\" alt=\"\" width=\"300\" height=\"138\" srcset=\"https:\/\/encuentroinformativo.com.mx\/wp-content\/uploads\/2025\/03\/Photo_1741105373303-300x138.jpg 300w, https:\/\/encuentroinformativo.com.mx\/wp-content\/uploads\/2025\/03\/Photo_1741105373303-1024x471.jpg 1024w, https:\/\/encuentroinformativo.com.mx\/wp-content\/uploads\/2025\/03\/Photo_1741105373303-768x353.jpg 768w, https:\/\/encuentroinformativo.com.mx\/wp-content\/uploads\/2025\/03\/Photo_1741105373303.jpg 1280w\" sizes=\"auto, (max-width: 300px) 100vw, 300px\" \/><\/p>\n","protected":false},"excerpt":{"rendered":"<p>Dar\u00edo Pale Xalapa, Ver.- Familiares y amigos del ni\u00f1o Antonio Reyes Moguel se manifestaron sobre el bulevar Xalapa-Banderilla para solicitar la intervenci\u00f3n de las autoridades para encontrar con vida al menor. Aproximadamente desde las 08:15 horas bloquearon la carretera federal 140 a la altura del gallito en el municipio de Banderilla donde con lonas y [&hellip;]<\/p>\n","protected":false},"author":2476,"featured_media":64380,"comment_status":"open","ping_status":"open","sticky":false,"template":"","format":"standard","meta":{"_jetpack_memberships_contains_paid_content":false,"footnotes":""},"categories":[8],"tags":[],"class_list":["post-64379","post","type-post","status-publish","format-standard","has-post-thumbnail","hentry","category-region"],"jetpack_featured_media_url":"https:\/\/encuentroinformativo.com.mx\/wp-content\/uploads\/2025\/03\/Photo_1741105403095.jpg","jetpack_sharing_enabled":true,"jetpack_likes_enabled":true,"amp_enabled":true,"_links":{"self":[{"href":"https:\/\/encuentroinformativo.com.mx\/index.php?rest_route=\/wp\/v2\/posts\/64379","targetHints":{"allow":["GET"]}}],"collection":[{"href":"https:\/\/encuentroinformativo.com.mx\/index.php?rest_route=\/wp\/v2\/posts"}],"about":[{"href":"https:\/\/encuentroinformativo.com.mx\/index.php?rest_route=\/wp\/v2\/types\/post"}],"author":[{"embeddable":true,"href":"https:\/\/encuentroinformativo.com.mx\/index.php?rest_route=\/wp\/v2\/users\/2476"}],"replies":[{"embeddable":true,"href":"https:\/\/encuentroinformativo.com.mx\/index.php?rest_route=%2Fwp%2Fv2%2Fcomments&post=64379"}],"version-history":[{"count":1,"href":"https:\/\/encuentroinformativo.com.mx\/index.php?rest_route=\/wp\/v2\/posts\/64379\/revisions"}],"predecessor-version":[{"id":64382,"href":"https:\/\/encuentroinformativo.com.mx\/index.php?rest_route=\/wp\/v2\/posts\/64379\/revisions\/64382"}],"wp:featuredmedia":[{"embeddable":true,"href":"https:\/\/encuentroinformativo.com.mx\/index.php?rest_route=\/wp\/v2\/media\/64380"}],"wp:attachment":[{"href":"https:\/\/encuentroinformativo.com.mx\/index.php?rest_route=%2Fwp%2Fv2%2Fmedia&parent=64379"}],"wp:term":[{"taxonomy":"category","embeddable":true,"href":"https:\/\/encuentroinformativo.com.mx\/index.php?rest_route=%2Fwp%2Fv2%2Fcategories&post=64379"},{"taxonomy":"post_tag","embeddable":true,"href":"https:\/\/encuentroinformativo.com.mx\/index.php?rest_route=%2Fwp%2Fv2%2Ftags&post=64379"}],"curies":[{"name":"wp","href":"https:\/\/api.w.org\/{rel}","templated":true}]}}