{"id":64384,"date":"2025-03-04T11:48:11","date_gmt":"2025-03-04T17:48:11","guid":{"rendered":"https:\/\/encuentroinformativo.com.mx\/?p=64384"},"modified":"2025-03-04T11:48:11","modified_gmt":"2025-03-04T17:48:11","slug":"independencia-peatonal-tendra-su-primera-pasarela-de-modas-del-2025","status":"publish","type":"post","link":"https:\/\/encuentroinformativo.com.mx\/?p=64384","title":{"rendered":"Independencia peatonal tendr\u00e1 su primera pasarela de modas del 2025"},"content":{"rendered":"<p><strong style=\"font-size: 1rem;\">Alejandro \u00c1vila<\/strong><\/p>\n<p>Veracruz, Ver.- Directivos de Weekend In Fashion M\u00e9xico en Veracruz, dieron a conocer el Fashion Show \u201cModa, Mar y Puerto 2025\u201d que se llevar\u00e1 cabo de manera gratuita este jueves 6 de marzo a partir de las 20:00 horas en Independencia Peatonal.<\/p>\n<p>Moda, Mar y Puerto 2025 presenta 4 pasarelas: Nice Girl Boutique By Norma Arenas; Colectivo Universidad de Las Naciones; Colectivo Ca\u00f3tica; as\u00ed como la presentaci\u00f3n de las colecciones de Naviolinda Zacar\u00edas y Miguel \u00c1ngel Sosme<\/p>\n<p>Weekend in Fashion M\u00e9xico presenta MODA, MAR Y PUERTO 2025, una iniciativa que celebra el dise\u00f1o, la creatividad y la riqueza cultural de la industria textil a trav\u00e9s de una pasarela \u00fanica que re\u00fane talento emergente y grandes exponentes de la moda nacional e internacional.<\/p>\n<p>Presidieron la conferencia de prensa: Claudia Ortiz, directora general del Weekend In Fashion M\u00e9xico; Abraham Neri, Director de Producci\u00f3n Audiovisual; Norma Arenas, directora general de Nice Girl Boutique; Karla Le\u00f3n, Directora acad\u00e9mica de universidades de la Uni Naciones y Ximena Balc\u00e1zar, directora del Colectivo Ca\u00f3tica.<\/p>\n<p>Claudia Ortiz, directora general del Weekend In Fashion M\u00e9xico, coment\u00f3 que en esta gala de moda se estar\u00e1n presentando 120 looks sobre la pasarela: \u201cUn pasarela rica en dise\u00f1o y moda, textiles, rebozos\u201d.<\/p>\n<p>La cita para disfrutar de esta gala Moda, Mar y Puerto 2025 es este jueves 6 de Marzo 20:00 horas en \u201cIndependencia Peatonal\u201d (Av. Independencia entre Zamora y Lerdo, Centro Hist\u00f3rico Veracruz Puerto. El evento es gratuito, por lo que se recomienda llegar media hora antes<!--more--><\/p>\n","protected":false},"excerpt":{"rendered":"<p>Alejandro \u00c1vila Veracruz, Ver.- Directivos de Weekend In Fashion M\u00e9xico en Veracruz, dieron a conocer el Fashion Show \u201cModa, Mar y Puerto 2025\u201d que se llevar\u00e1 cabo de manera gratuita este jueves 6 de marzo a partir de las 20:00 horas en Independencia Peatonal. Moda, Mar y Puerto 2025 presenta 4 pasarelas: Nice Girl Boutique [&hellip;]<\/p>\n","protected":false},"author":2476,"featured_media":64385,"comment_status":"open","ping_status":"open","sticky":false,"template":"","format":"standard","meta":{"_jetpack_memberships_contains_paid_content":false,"footnotes":""},"categories":[2],"tags":[],"class_list":["post-64384","post","type-post","status-publish","format-standard","has-post-thumbnail","hentry","category-estado"],"jetpack_featured_media_url":"https:\/\/encuentroinformativo.com.mx\/wp-content\/uploads\/2025\/03\/IMG-20250304-WA0127.jpg","jetpack_sharing_enabled":true,"jetpack_likes_enabled":true,"amp_enabled":true,"_links":{"self":[{"href":"https:\/\/encuentroinformativo.com.mx\/index.php?rest_route=\/wp\/v2\/posts\/64384","targetHints":{"allow":["GET"]}}],"collection":[{"href":"https:\/\/encuentroinformativo.com.mx\/index.php?rest_route=\/wp\/v2\/posts"}],"about":[{"href":"https:\/\/encuentroinformativo.com.mx\/index.php?rest_route=\/wp\/v2\/types\/post"}],"author":[{"embeddable":true,"href":"https:\/\/encuentroinformativo.com.mx\/index.php?rest_route=\/wp\/v2\/users\/2476"}],"replies":[{"embeddable":true,"href":"https:\/\/encuentroinformativo.com.mx\/index.php?rest_route=%2Fwp%2Fv2%2Fcomments&post=64384"}],"version-history":[{"count":1,"href":"https:\/\/encuentroinformativo.com.mx\/index.php?rest_route=\/wp\/v2\/posts\/64384\/revisions"}],"predecessor-version":[{"id":64386,"href":"https:\/\/encuentroinformativo.com.mx\/index.php?rest_route=\/wp\/v2\/posts\/64384\/revisions\/64386"}],"wp:featuredmedia":[{"embeddable":true,"href":"https:\/\/encuentroinformativo.com.mx\/index.php?rest_route=\/wp\/v2\/media\/64385"}],"wp:attachment":[{"href":"https:\/\/encuentroinformativo.com.mx\/index.php?rest_route=%2Fwp%2Fv2%2Fmedia&parent=64384"}],"wp:term":[{"taxonomy":"category","embeddable":true,"href":"https:\/\/encuentroinformativo.com.mx\/index.php?rest_route=%2Fwp%2Fv2%2Fcategories&post=64384"},{"taxonomy":"post_tag","embeddable":true,"href":"https:\/\/encuentroinformativo.com.mx\/index.php?rest_route=%2Fwp%2Fv2%2Ftags&post=64384"}],"curies":[{"name":"wp","href":"https:\/\/api.w.org\/{rel}","templated":true}]}}