{"id":64387,"date":"2025-03-04T12:00:07","date_gmt":"2025-03-04T18:00:07","guid":{"rendered":"https:\/\/encuentroinformativo.com.mx\/?p=64387"},"modified":"2025-03-04T12:00:07","modified_gmt":"2025-03-04T18:00:07","slug":"adeudan-pagos-a-docentes-del-ismev","status":"publish","type":"post","link":"https:\/\/encuentroinformativo.com.mx\/?p=64387","title":{"rendered":"Adeudan pagos a docentes del ISMEV"},"content":{"rendered":"<p><strong style=\"font-size: 1rem;\">Dar\u00edo Pale<\/strong><\/p>\n<p>Xalapa, Ver.- Debido a que se han negado a firmar contratos trimestrales los docentes del Instituto Superior de M\u00fasica del Estado de Veracruz (ISMEV) dieron a conocer que no les han pagado dos quincenas en supuesta represalia.<\/p>\n<p>En conferencia de prensa dieron a conocer que los maestros de m\u00fasica carecen de aumento salarial y prestaciones, adem\u00e1s de que cuentan con plazas de personal administrativo.<\/p>\n<p>Enrique Velasco, uno de los maestros, calific\u00f3 como &#8220;absurdo&#8221; que sean considerados administrativos cuando han dado clases por m\u00e1s de 20 a\u00f1os.<\/p>\n<p>&#8220;Han minimizado nuestro trabajo y lesionado de distintas maneras&#8221; dijo.<\/p>\n<p>Dieron a conocer que desde el 2011 el ISMEV dej\u00f3 de ser un Organismo P\u00fablico Descentralizado y ahora depende de la Secretar\u00eda de Educaci\u00f3n de Veracruz (SEV), a trav\u00e9s de la Subsecretar\u00eda de Desarrollo Educativo.<\/p>\n<p>Pidieron base para 62 docentes que cuentan con posgrados y se\u00f1alaron que pretend\u00edan aplicarles ex\u00e1menes de oposici\u00f3n.<\/p>\n<p>&#8220;Nosotros entramos con concurso. Fue un trabajo que realiz\u00f3 el gran maestro Luis Herrera de la Fuente&#8230; quien tuvo la visi\u00f3n de crear este instituto para dar trabajo y formar a estudiantes que quisieran perfeccionarse en las \u00e1reas de m\u00fasica, en la licenciatura de ejecuci\u00f3n instrumental para instrumentos de orquesta&#8221; a\u00f1adi\u00f3.<\/p>\n<p>Las y los docentes pidieron la intervenci\u00f3n de la gobernadora Roc\u00edo Nahle Garc\u00eda y la secretaria de Educaci\u00f3n, Claudia Tello.<\/p>\n<p>Los inconformes aseguran que siguen dando clases bajo protesta a pesar de los adeudos de sus pagos.<\/p>\n<p>De no ser escuchados, advirtieron que tomar\u00edan otras acciones a\u00fan no definidas.<\/p>\n","protected":false},"excerpt":{"rendered":"<p>Dar\u00edo Pale Xalapa, Ver.- Debido a que se han negado a firmar contratos trimestrales los docentes del Instituto Superior de M\u00fasica del Estado de Veracruz (ISMEV) dieron a conocer que no les han pagado dos quincenas en supuesta represalia. En conferencia de prensa dieron a conocer que los maestros de m\u00fasica carecen de aumento salarial [&hellip;]<\/p>\n","protected":false},"author":2476,"featured_media":64388,"comment_status":"open","ping_status":"open","sticky":false,"template":"","format":"standard","meta":{"_jetpack_memberships_contains_paid_content":false,"footnotes":""},"categories":[3],"tags":[],"class_list":["post-64387","post","type-post","status-publish","format-standard","has-post-thumbnail","hentry","category-xalapa"],"jetpack_featured_media_url":"https:\/\/encuentroinformativo.com.mx\/wp-content\/uploads\/2025\/03\/IMG-20250304-WA0119.jpg","jetpack_sharing_enabled":true,"jetpack_likes_enabled":true,"amp_enabled":true,"_links":{"self":[{"href":"https:\/\/encuentroinformativo.com.mx\/index.php?rest_route=\/wp\/v2\/posts\/64387","targetHints":{"allow":["GET"]}}],"collection":[{"href":"https:\/\/encuentroinformativo.com.mx\/index.php?rest_route=\/wp\/v2\/posts"}],"about":[{"href":"https:\/\/encuentroinformativo.com.mx\/index.php?rest_route=\/wp\/v2\/types\/post"}],"author":[{"embeddable":true,"href":"https:\/\/encuentroinformativo.com.mx\/index.php?rest_route=\/wp\/v2\/users\/2476"}],"replies":[{"embeddable":true,"href":"https:\/\/encuentroinformativo.com.mx\/index.php?rest_route=%2Fwp%2Fv2%2Fcomments&post=64387"}],"version-history":[{"count":1,"href":"https:\/\/encuentroinformativo.com.mx\/index.php?rest_route=\/wp\/v2\/posts\/64387\/revisions"}],"predecessor-version":[{"id":64389,"href":"https:\/\/encuentroinformativo.com.mx\/index.php?rest_route=\/wp\/v2\/posts\/64387\/revisions\/64389"}],"wp:featuredmedia":[{"embeddable":true,"href":"https:\/\/encuentroinformativo.com.mx\/index.php?rest_route=\/wp\/v2\/media\/64388"}],"wp:attachment":[{"href":"https:\/\/encuentroinformativo.com.mx\/index.php?rest_route=%2Fwp%2Fv2%2Fmedia&parent=64387"}],"wp:term":[{"taxonomy":"category","embeddable":true,"href":"https:\/\/encuentroinformativo.com.mx\/index.php?rest_route=%2Fwp%2Fv2%2Fcategories&post=64387"},{"taxonomy":"post_tag","embeddable":true,"href":"https:\/\/encuentroinformativo.com.mx\/index.php?rest_route=%2Fwp%2Fv2%2Ftags&post=64387"}],"curies":[{"name":"wp","href":"https:\/\/api.w.org\/{rel}","templated":true}]}}