{"id":6439,"date":"2020-10-02T12:55:48","date_gmt":"2020-10-02T17:55:48","guid":{"rendered":"https:\/\/encuentroinformativo.com.mx\/?p=6439"},"modified":"2020-10-02T12:55:50","modified_gmt":"2020-10-02T17:55:50","slug":"con-desorganizacion-recuerdan-autoridades-el-2-de-octubre","status":"publish","type":"post","link":"https:\/\/encuentroinformativo.com.mx\/?p=6439","title":{"rendered":"Con desorganizaci\u00f3n, recuerdan autoridades el 2 de Octubre"},"content":{"rendered":"\n<p><strong>Dar\u00edo Pale <\/strong><\/p>\n\n\n\n<p>Xalapa, Ver.- El ayuntamiento de Xalapa conmemor\u00f3 los 52 a\u00f1os de los ca\u00eddos en la lucha por la democracia en la Plaza de las Tres Culturas en Tlatelolco en 1968 el 2 de octubre donde se not\u00f3 una gran desorganizaci\u00f3n y fallas durante la realizaci\u00f3n del evento en el parque Ju\u00e1rez.<\/p>\n\n\n\n<p>En un principio a un elemento de la banda de guerra de la polic\u00eda municipal se le solt\u00f3 una baqueta la cual fue levantada por una persona la cual se la entreg\u00f3 y la escolta que sali\u00f3 con la bandera del ayuntamiento fue muy lenta adem\u00e1s de que interrumpieron el tr\u00e1fico en Enr\u00edquez lo cual molesto a los conductores.<\/p>\n\n\n\n<p>Durante la entonaci\u00f3n de himno nacional las regidoras de Morena al igual que la sindica en forma de protesta levantaron la mano izquierda con el pu\u00f1o cerrado.<\/p>\n\n\n\n<p>Asimismo en el izamiento de la Bandera Nacional en el parque Ju\u00e1rez el alcalde Hip\u00f3lito Rodr\u00edguez Herrero acompa\u00f1ado del director de la polic\u00eda municipal tuvieron que subir, bajar y volver a subir la bandera debido a que no estaba bien enganchada.<\/p>\n\n\n\n<p>Cabe se\u00f1alar que durante el izamiento de la bandera la regidora Consuelo Ocampo Cano se acerc\u00f3 al alcalde para darle unas indicaciones pero fue retirada por una de las sus asistentes para que no lo interrumpiera.<\/p>\n","protected":false},"excerpt":{"rendered":"<p>Dar\u00edo Pale Xalapa, Ver.- El ayuntamiento de Xalapa conmemor\u00f3 los 52 a\u00f1os de los ca\u00eddos en la lucha por la democracia en la Plaza de las Tres Culturas en Tlatelolco en 1968 el 2 de octubre donde se not\u00f3 una gran desorganizaci\u00f3n y fallas durante la realizaci\u00f3n del evento en el parque Ju\u00e1rez. En un [&hellip;]<\/p>\n","protected":false},"author":1,"featured_media":6440,"comment_status":"open","ping_status":"open","sticky":false,"template":"","format":"standard","meta":{"_jetpack_memberships_contains_paid_content":false,"footnotes":""},"categories":[3],"tags":[],"class_list":["post-6439","post","type-post","status-publish","format-standard","has-post-thumbnail","hentry","category-xalapa"],"jetpack_featured_media_url":"https:\/\/encuentroinformativo.com.mx\/wp-content\/uploads\/2020\/10\/B0CC6244-0F61-443B-B9F3-9DCA533CECC0.jpeg","jetpack_sharing_enabled":true,"jetpack_likes_enabled":true,"amp_enabled":true,"_links":{"self":[{"href":"https:\/\/encuentroinformativo.com.mx\/index.php?rest_route=\/wp\/v2\/posts\/6439","targetHints":{"allow":["GET"]}}],"collection":[{"href":"https:\/\/encuentroinformativo.com.mx\/index.php?rest_route=\/wp\/v2\/posts"}],"about":[{"href":"https:\/\/encuentroinformativo.com.mx\/index.php?rest_route=\/wp\/v2\/types\/post"}],"author":[{"embeddable":true,"href":"https:\/\/encuentroinformativo.com.mx\/index.php?rest_route=\/wp\/v2\/users\/1"}],"replies":[{"embeddable":true,"href":"https:\/\/encuentroinformativo.com.mx\/index.php?rest_route=%2Fwp%2Fv2%2Fcomments&post=6439"}],"version-history":[{"count":1,"href":"https:\/\/encuentroinformativo.com.mx\/index.php?rest_route=\/wp\/v2\/posts\/6439\/revisions"}],"predecessor-version":[{"id":6441,"href":"https:\/\/encuentroinformativo.com.mx\/index.php?rest_route=\/wp\/v2\/posts\/6439\/revisions\/6441"}],"wp:featuredmedia":[{"embeddable":true,"href":"https:\/\/encuentroinformativo.com.mx\/index.php?rest_route=\/wp\/v2\/media\/6440"}],"wp:attachment":[{"href":"https:\/\/encuentroinformativo.com.mx\/index.php?rest_route=%2Fwp%2Fv2%2Fmedia&parent=6439"}],"wp:term":[{"taxonomy":"category","embeddable":true,"href":"https:\/\/encuentroinformativo.com.mx\/index.php?rest_route=%2Fwp%2Fv2%2Fcategories&post=6439"},{"taxonomy":"post_tag","embeddable":true,"href":"https:\/\/encuentroinformativo.com.mx\/index.php?rest_route=%2Fwp%2Fv2%2Ftags&post=6439"}],"curies":[{"name":"wp","href":"https:\/\/api.w.org\/{rel}","templated":true}]}}